{"id":7440,"date":"2022-04-08T02:30:33","date_gmt":"2022-04-08T01:30:33","guid":{"rendered":"http:\/\/www.traitdunionmag.com\/?p=7440"},"modified":"2022-04-08T02:30:33","modified_gmt":"2022-04-08T01:30:33","slug":"seville-riche-heritiere-dun-prestigieux-passe","status":"publish","type":"post","link":"https:\/\/www.traitdunionmag.com\/?p=7440","title":{"rendered":"S\u00c9VILLE : Riche h\u00e9riti\u00e8re d\u2019un prestigieux pass\u00e9"},"content":{"rendered":"<p><em><span style=\"font-weight: 400;\">Fi\u00e8re capitale andalouse, S\u00e9ville s\u2019\u00e9tale langoureusement sur les berges du Guadalquivir. Ombre et lumi\u00e8re se c\u00f4toient, m\u00ealant les parfums d\u2019Orient aux rythmes endiabl\u00e9s du flamenco, sous l\u2019ardente lumi\u00e8re d\u2019un soleil d\u00e9j\u00e0 africain..\u00a0<\/span><\/em><\/p>\n<p><span style=\"font-weight: 400;\">Par Christian Sorand<\/span><\/p>\n<p>&nbsp;<\/p>\n<p><span style=\"font-weight: 400;\"><img loading=\"lazy\" decoding=\"async\" class=\"alignleft size-medium wp-image-7416\" src=\"http:\/\/www.traitdunionmag.com\/wp-content\/uploads\/2022\/04\/TU135P28a302-199x300.jpg\" alt=\"\" width=\"199\" height=\"300\" srcset=\"https:\/\/www.traitdunionmag.com\/wp-content\/uploads\/2022\/04\/TU135P28a302-199x300.jpg 199w, https:\/\/www.traitdunionmag.com\/wp-content\/uploads\/2022\/04\/TU135P28a302-768x1159.jpg 768w, https:\/\/www.traitdunionmag.com\/wp-content\/uploads\/2022\/04\/TU135P28a302-678x1024.jpg 678w, https:\/\/www.traitdunionmag.com\/wp-content\/uploads\/2022\/04\/TU135P28a302.jpg 1181w\" sizes=\"auto, (max-width: 199px) 100vw, 199px\" \/>Cit\u00e9 ensorceleuse d\u2019un sud arabo-ib\u00e9rique, S\u00e9ville se d\u00e9couvre subrepticement au travers d\u2019un d\u00e9dale de ruelles, d\u00e9bouchant tout \u00e0 coup s\u00fbr un espace monumental. Envo\u00fbtante par sa beaut\u00e9 m\u00e9di\u00e9vale, la ville subjugue par son aspect tant\u00f4t mauresque, tant\u00f4t baroque. On d\u00e9ambule ainsi de squares en placettes pour d\u00e9boucher soudain sur une grande place ou encore se retrouver dans un jardin aux essences tropicales, sous les piaillements d\u2019une multitude d\u2019oiseaux exotiques. Surprenante par sa richesse et sa diversit\u00e9, S\u00e9ville invite \u00e0 la nonchalance.<\/span><\/p>\n<p><span style=\"font-weight: 400;\">Comme pour un grand nombre de grandes cit\u00e9s, le fleuve qui la traverse lui a procur\u00e9 liens et richesses venus d\u2019un ailleurs qui a forg\u00e9 sa grandeur et son prestige. Bien que situ\u00e9 \u00e0 70km de l\u2019oc\u00e9an, le Guadalquivir est navigable jusqu\u2019\u00e0 S\u00e9ville. Lieu strat\u00e9gique du sud ib\u00e9rique, la cit\u00e9 est alors li\u00e9e non seulement \u00e0 l\u2019Atlantique au niveau de Cadix, mais aussi \u00e0 la M\u00e9diterran\u00e9e, par la proximit\u00e9 du d\u00e9troit.<\/span><\/p>\n<p><span style=\"font-weight: 400;\">Cette exceptionnelle position est \u00e0 l\u2019origine de sa notori\u00e9t\u00e9. S\u00e9ville accueille l\u2019influence artistique sublime des Maures, au Moyen \u00c2ge. Puis, \u00e0 la Renaissance, les grands navigateurs lui apporteront les richesses africaines et orientales, pr\u00e9c\u00e9dant celles du Nouveau Monde.<\/span><\/p>\n<p>&nbsp;<\/p>\n<h2><span style=\"font-weight: 400;\"><img loading=\"lazy\" decoding=\"async\" class=\"alignleft size-medium wp-image-7417\" src=\"http:\/\/www.traitdunionmag.com\/wp-content\/uploads\/2022\/04\/TU135P28a303-176x300.jpg\" alt=\"\" width=\"176\" height=\"300\" srcset=\"https:\/\/www.traitdunionmag.com\/wp-content\/uploads\/2022\/04\/TU135P28a303-176x300.jpg 176w, https:\/\/www.traitdunionmag.com\/wp-content\/uploads\/2022\/04\/TU135P28a303-768x1310.jpg 768w, https:\/\/www.traitdunionmag.com\/wp-content\/uploads\/2022\/04\/TU135P28a303-600x1024.jpg 600w, https:\/\/www.traitdunionmag.com\/wp-content\/uploads\/2022\/04\/TU135P28a303.jpg 1181w\" sizes=\"auto, (max-width: 176px) 100vw, 176px\" \/>Un legs historique riche et multiple<\/span><\/h2>\n<p><span style=\"font-weight: 400;\">La fondation du site serait l\u2019\u0153uvre des Tart\u00e9ssiens, venus de la ville voisine de Huelva, \u00e0 la fronti\u00e8re du Portugal. La civilisation de Tartessos est peut-\u00eatre apparent\u00e9e aux Berb\u00e8res.<\/span><\/p>\n<p><span style=\"font-weight: 400;\">L\u2019histoire de la ville commence v\u00e9ritablement avec les Ph\u00e9niciens, premiers grands navigateurs et explorateurs de l\u2019Antiquit\u00e9. Ce sont eux qui fondent Cadix (Gad\u00e8s) au 11e si\u00e8cle av. J.-C. Le temple de Melqart &#8211; \u00e9quivalent d\u2019H\u00e9racl\u00e8s &#8211; vient d\u2019\u00eatre d\u00e9couvert par une \u00e9quipe d\u2019arch\u00e9ologues espagnols. Les bateaux ph\u00e9niciens remontent le Guadalquivir jusqu\u2019\u00e0 S\u00e9ville. Partis \u00e0 la recherche de l\u2019\u00e9tain, ils en trouvent des traces dans les eaux de la r\u00e9gion. Viendront ensuite les Grecs et surtout les Romains en 205 av. J.-C. apr\u00e8s la IIe guerre punique. Deux grands empereurs y naissent : Trajan (53-117 ap. J.-C.) et Hadrien (76-138 ap. J.-C.). Rappelons aussi que S\u00e9n\u00e8que est n\u00e9, en l\u2019an 4 av. J.-C., dans la ville voisine de Cordoue. Le prestige de la ville s\u2019affirme, d\u00fb en partie \u00e0 sa position strat\u00e9gique sur le Gualalquivir. Au Ve si\u00e8cle les Vandales puis les Wisigoths s\u2019emparent de la ville.<\/span><\/p>\n<p><span style=\"font-weight: 400;\">En 711, les troupes musulmanes envahissent le sud de la p\u00e9ninsule ib\u00e9rique, marquant ainsi le d\u00e9but d\u2019une p\u00e9riode faste connue sous le nom d\u2019al-Andalus. La construction de l\u2019Alcazar (\u201cpalais fortifi\u00e9\u201d), en 712, date de cette p\u00e9riode. Apr\u00e8s les Almoravides fix\u00e9s \u00e0 Cordoue, les Almohades s\u2019\u00e9tablissent \u00e0 S\u00e9ville en 1147. Le minaret de la mosqu\u00e9e, la Giralda, est \u00e9difi\u00e9 entre 1184 et 1198. Au XIIIe si\u00e8cle ils construisent la tour de l\u2019Or (Torre del Oro) pour surveiller l\u2019acc\u00e8s du Guadalquivir.<\/span><\/p>\n<p><span style=\"font-weight: 400;\">Mais Ferdinand III de Castille entreprend la \u201cReconquista\u201d (1248) pour faire de S\u00e9ville une ville chr\u00e9tienne. La cath\u00e9drale N-D du Si\u00e8ge, de style gothique, est construite entre le XVe et le XVIe si\u00e8cle. C\u2019est aussi durant cette p\u00e9riode que les Juifs et les Musulmans sont chass\u00e9s d\u2019Espagne. Or, en 1492, la \u201cd\u00e9couverte\u201d de l\u2019Am\u00e9rique par Christophe Colomb (1451-1506) parti du port de Palos de la Frontera (Huelva), suscite une nouvelle \u00e8re de richesse pour la ville. \u00c0 cette \u00e9poque le Florentin, Amerigo Vespucci (1451-1512) s\u2019installe \u00e0 S\u00e9ville \u00e0 partir de laquelle il entreprend une exp\u00e9dition en Am\u00e9rique du Sud (1499-1500). En mars 1518, Charles Ier (le futur Charles Quint) demande au Portugais Fernand de Magellan (1480-1521) d\u2019effectuer un p\u00e9riple autour du monde, toujours au d\u00e9part de S\u00e9ville. Vers 1503, la p\u00e9riode des grandes d\u00e9couvertes fait de S\u00e9ville l\u2019une des plus grandes villes du monde.\u00a0<\/span><\/p>\n<p><span style=\"font-weight: 400;\">Le si\u00e8cle d\u2019or s\u2019\u00e9tale du r\u00e8gne de Charles Quint \u00e0 celui de Philippe IV. L\u2019universit\u00e9 est fond\u00e9e en 1504. Les richesses du Nouveau monde favorisent le commerce : le tabac d\u2019Am\u00e9rique, la fabrication de la porcelaine, l\u2019industrie textile (laine, soie).<\/span><\/p>\n<p><span style=\"font-weight: 400;\">Au XVIIIe si\u00e8cle, le d\u00e9clin s\u2019amorce au profit de Cadix jusqu\u2019\u00e0 l\u2019arriv\u00e9e des troupes napol\u00e9oniennes en 1810.<\/span><\/p>\n<p><img loading=\"lazy\" decoding=\"async\" class=\"alignleft size-medium wp-image-7419\" src=\"http:\/\/www.traitdunionmag.com\/wp-content\/uploads\/2022\/04\/TU135P28a304-199x300.jpg\" alt=\"\" width=\"199\" height=\"300\" srcset=\"https:\/\/www.traitdunionmag.com\/wp-content\/uploads\/2022\/04\/TU135P28a304-199x300.jpg 199w, https:\/\/www.traitdunionmag.com\/wp-content\/uploads\/2022\/04\/TU135P28a304-768x1159.jpg 768w, https:\/\/www.traitdunionmag.com\/wp-content\/uploads\/2022\/04\/TU135P28a304-678x1024.jpg 678w, https:\/\/www.traitdunionmag.com\/wp-content\/uploads\/2022\/04\/TU135P28a304.jpg 1181w\" sizes=\"auto, (max-width: 199px) 100vw, 199px\" \/><\/p>\n<h2><span style=\"font-weight: 400;\">S\u00e9ville aujourd\u2019hui<\/span><\/h2>\n<p><span style=\"font-weight: 400;\">\u00c9videmment, le poids et la diversit\u00e9 de ce riche h\u00e9ritage transparaissent dans la ville moderne. Le charme andalou surann\u00e9 du quartier de Santa-Cruz, dans la vieille ville, contraste avec la grandeur des monuments, des espaces verts et de vastes places.<\/span><\/p>\n<p><span style=\"font-weight: 400;\">L\u2019un de ces tr\u00e9sors architecturaux demeure la place d\u2019Espagne dans le parc Maria-Luisa. Il date de l\u2019exposition ib\u00e9ro-am\u00e9ricaine de 1939. Le palais en demi-cercle, tourn\u00e9 vers le Guadalquivir, semble ouvrir les bras aux anciennes colonies am\u00e9ricaines. La grande place a un diam\u00e8tre de 200m, ferm\u00e9e par deux tours \u00e0 chaque angle. Des canaux forment un arc de cercle et une grande fontaine se trouve au centre. Au pied du palais, des bancs surmont\u00e9s de mosa\u00efques, repr\u00e9sentent les 47 provinces espagnoles de l\u2019\u00e9poque.<\/span><\/p>\n<p><span style=\"font-weight: 400;\">Au centre-ville, la Plaza Nueva (1856) s\u2019\u00e9tale devant l\u2019h\u00f4tel de ville, \u00e0 proximit\u00e9 du fleuve. Les rives du Guadalquivir ont \u00e9t\u00e9 am\u00e9nag\u00e9es dans un esprit rappelant les berges de la Seine. C\u2019est ici que l\u2019on peut voir la Torre del Oro (la tour de l\u2019Or), et un peu plus loin, la c\u00e9l\u00e8bre Plaza de Toros. Plus que tout autre endroit, l\u2019Andalousie est une terre de taureaux et de corridas. Les ar\u00e8nes de S\u00e9ville (XVIIIe) peuvent contenir 12,000 spectateurs. L\u2019entr\u00e9e de l\u2019\u00e9difice, c\u00f4t\u00e9 fleuve (Paseo de Cristobal Colon) est de style baroque andalou.\u00a0<\/span><\/p>\n<p><span style=\"font-weight: 400;\">Sur la rive oppos\u00e9e, le quartier de Triana est devenu un endroit couru pour ses caf\u00e9s et ses restaurants. Son atmosph\u00e8re diff\u00e8re de celle de la vieille ville. C\u2019est un lieu connu aussi pour la fabrication des fa\u00efences andalouses et ses \u00e9coles de flamenco.<\/span><\/p>\n<p><img loading=\"lazy\" decoding=\"async\" class=\"aligncenter size-large wp-image-7422\" src=\"http:\/\/www.traitdunionmag.com\/wp-content\/uploads\/2022\/04\/TU135P28a307-1024x678.jpg\" alt=\"\" width=\"800\" height=\"530\" srcset=\"https:\/\/www.traitdunionmag.com\/wp-content\/uploads\/2022\/04\/TU135P28a307-1024x678.jpg 1024w, https:\/\/www.traitdunionmag.com\/wp-content\/uploads\/2022\/04\/TU135P28a307-300x199.jpg 300w, https:\/\/www.traitdunionmag.com\/wp-content\/uploads\/2022\/04\/TU135P28a307-768x509.jpg 768w, https:\/\/www.traitdunionmag.com\/wp-content\/uploads\/2022\/04\/TU135P28a307.jpg 1181w\" sizes=\"auto, (max-width: 800px) 100vw, 800px\" \/><\/p>\n<p><span style=\"font-weight: 400;\">Malgr\u00e9 tout, le c\u0153ur battant de S\u00e9ville tourne autour de la c\u00e9l\u00e8bre Giralda, haute de 98m. On acc\u00e8de au beffroi par une rampe inclin\u00e9e. La vue sur le quartier de Santa-Cruz et l\u2019agglom\u00e9ration s\u00e9villane (700,000 Habitants) vaut bien alors l\u2019effort\u00a0! Au pied, la cath\u00e9drale pr\u00e9sente un int\u00e9rieur original, mais totalement sublime. On notera en particulier le c\u00e9notaphe d\u00e9di\u00e9 \u00e0 Christophe Colomb. Situ\u00e9 \u00e0 deux pas du sanctuaire, l\u2019autre monument \u00e0 ne pas manquer est l\u2019Alcazar, un palais fortifi\u00e9, merveille de l\u2019art mauresque, comparable \u00e0 l\u2019Alhambra de Grenade. Si la cour des Demoiselles en est un lieu embl\u00e9matique, on ne peut cesser d\u2019admirer le travail apport\u00e9 aux murs et aux plafonds, joyaux de cet art arabe de la fin du Moyen \u00c2ge. Les jardins n\u2019en sont pas moins idylliques et enchanteurs. Les palmiers servent souvent de nids \u00e0 une colonie criarde de perroquets\u00a0!<\/span><\/p>\n<p><span style=\"font-weight: 400;\">La richesse de la ville est reconnue par l\u2019Unesco depuis 1987 et S\u00e9ville a choisie pour l\u2019exposition universelle de 1992. Ville d\u2019art, elle a vu s\u00e9journer un grand nombre d\u2019artistes et d\u2019\u00e9crivains.<\/span><\/p>\n<p>&nbsp;<\/p>\n<h2><span style=\"font-weight: 400;\"><img loading=\"lazy\" decoding=\"async\" class=\"alignleft size-medium wp-image-7421\" src=\"http:\/\/www.traitdunionmag.com\/wp-content\/uploads\/2022\/04\/TU135P28a306-199x300.jpg\" alt=\"\" width=\"199\" height=\"300\" srcset=\"https:\/\/www.traitdunionmag.com\/wp-content\/uploads\/2022\/04\/TU135P28a306-199x300.jpg 199w, https:\/\/www.traitdunionmag.com\/wp-content\/uploads\/2022\/04\/TU135P28a306-768x1159.jpg 768w, https:\/\/www.traitdunionmag.com\/wp-content\/uploads\/2022\/04\/TU135P28a306-678x1024.jpg 678w, https:\/\/www.traitdunionmag.com\/wp-content\/uploads\/2022\/04\/TU135P28a306.jpg 1181w\" sizes=\"auto, (max-width: 199px) 100vw, 199px\" \/>Le rayonnement des arts<\/span><\/h2>\n<p><span style=\"font-weight: 400;\">S\u00e9ville a \u00e9t\u00e9 la patrie d\u2019intellectuels et d\u2019artistes de tous genres. Pendant la p\u00e9riode musulmane d\u2019al-Andalus, on trouve tout d\u2019abord Abu Bakr ibn al-Arabi (468-543), c\u00e9l\u00e8bre juge malikite ; puis Ibn Zuhr Avenzoar (1074-1162), m\u00e9decin, disciple d\u2019Averro\u00e8s.\u00a0<\/span><\/p>\n<p><span style=\"font-weight: 400;\">La po\u00e9sie espagnole lui est contribuable de deux po\u00e8tes natifs de S\u00e9ville : Antonio Machado (1875-1939), mort \u00e0 Collioure, et surtout Vicente Aleixandre (1898-1984), laur\u00e9at du Prix Nobel de Litt\u00e9rature en 1977.<\/span><\/p>\n<p><span style=\"font-weight: 400;\">Plusieurs grands peintres espagnols sont s\u00e9villans. Il y a eu d\u2019abord Herrera el Viejo [l\u2019Ancien] (1576-1656) et Herrera el Mozo [le Jeune] (1627-1685), mais surtout Diego Velazquez (1599-1660) et Bartolom\u00e9 Esteban Murillo (1617-1682).\u00a0<\/span><\/p>\n<p><span style=\"font-weight: 400;\">Le mus\u00e9e des Beaux-Arts de S\u00e9ville poss\u00e8de des toiles de Murillo et de Velazquez, ainsi que Jos\u00e9 de Ribera et du Gr\u00e9co.<\/span><\/p>\n<p><span style=\"font-weight: 400;\">S\u00e9ville est de toute \u00e9vidence un lieu favorable \u00e0 une d\u00e9couverte p\u00e9destre. Arpenter les ruelles de Santa-Cruz, c\u2019est partir \u00e0 la d\u00e9couverte de l\u2019insolite, de l\u2019inattendu. Une porte ouverte, sur une fa\u00e7ade en apparence banale, permet d\u2019entrevoir un joli patio, puits de lumi\u00e8re enchanteur empreint d\u2019atmosph\u00e8re arabo-andalouse. En levant les yeux, on aper\u00e7oit parfois un balcon \u00e0 consoles ou en encorbellement, voire un moucharabieh ouvrag\u00e9 rappelant l\u2019Afrique du Nord. Alors, le soir venu, il est temps de s\u2019asseoir \u00e0 la terrasse d\u2019un caf\u00e9 pour savourer des tapas avec un verre de sangria, sur un fond de guitare andalouse.<\/span><\/p>\n<p>&nbsp;<\/p>\n<p><span style=\"font-weight: 400;\">Liens :<\/span><\/p>\n<p><span style=\"font-weight: 400;\">Wikipedia<\/span><\/p>\n<p><span style=\"font-weight: 400;\">UNESCO : <\/span><a href=\"https:\/\/whc.unesco.org\/fr\/list\/383\/\"><span style=\"font-weight: 400;\">https:\/\/whc.unesco.org\/fr\/list\/383\/<\/span><\/a><\/p>\n<p>&nbsp;<\/p>\n<p><img loading=\"lazy\" decoding=\"async\" class=\"aligncenter size-large wp-image-7420\" src=\"http:\/\/www.traitdunionmag.com\/wp-content\/uploads\/2022\/04\/TU135P28a305-1024x678.jpg\" alt=\"\" width=\"800\" height=\"530\" srcset=\"https:\/\/www.traitdunionmag.com\/wp-content\/uploads\/2022\/04\/TU135P28a305-1024x678.jpg 1024w, https:\/\/www.traitdunionmag.com\/wp-content\/uploads\/2022\/04\/TU135P28a305-300x199.jpg 300w, https:\/\/www.traitdunionmag.com\/wp-content\/uploads\/2022\/04\/TU135P28a305-768x509.jpg 768w, https:\/\/www.traitdunionmag.com\/wp-content\/uploads\/2022\/04\/TU135P28a305.jpg 2008w\" sizes=\"auto, (max-width: 800px) 100vw, 800px\" \/><\/p>\n","protected":false},"excerpt":{"rendered":"<p>Fi\u00e8re capitale andalouse, S\u00e9ville s\u2019\u00e9tale langoureusement sur les berges du Guadalquivir. Ombre et lumi\u00e8re se c\u00f4toient, m\u00ealant les parfums d\u2019Orient<\/p>\n","protected":false},"author":9,"featured_media":7415,"comment_status":"closed","ping_status":"closed","sticky":false,"template":"","format":"standard","meta":{"_exactmetrics_skip_tracking":false,"_exactmetrics_sitenote_active":false,"_exactmetrics_sitenote_note":"","_exactmetrics_sitenote_category":0,"footnotes":""},"categories":[20],"tags":[],"class_list":["post-7440","post","type-post","status-publish","format-standard","has-post-thumbnail","hentry","category-evasion"],"_links":{"self":[{"href":"https:\/\/www.traitdunionmag.com\/index.php?rest_route=\/wp\/v2\/posts\/7440","targetHints":{"allow":["GET"]}}],"collection":[{"href":"https:\/\/www.traitdunionmag.com\/index.php?rest_route=\/wp\/v2\/posts"}],"about":[{"href":"https:\/\/www.traitdunionmag.com\/index.php?rest_route=\/wp\/v2\/types\/post"}],"author":[{"embeddable":true,"href":"https:\/\/www.traitdunionmag.com\/index.php?rest_route=\/wp\/v2\/users\/9"}],"replies":[{"embeddable":true,"href":"https:\/\/www.traitdunionmag.com\/index.php?rest_route=%2Fwp%2Fv2%2Fcomments&post=7440"}],"version-history":[{"count":1,"href":"https:\/\/www.traitdunionmag.com\/index.php?rest_route=\/wp\/v2\/posts\/7440\/revisions"}],"predecessor-version":[{"id":7441,"href":"https:\/\/www.traitdunionmag.com\/index.php?rest_route=\/wp\/v2\/posts\/7440\/revisions\/7441"}],"wp:featuredmedia":[{"embeddable":true,"href":"https:\/\/www.traitdunionmag.com\/index.php?rest_route=\/wp\/v2\/media\/7415"}],"wp:attachment":[{"href":"https:\/\/www.traitdunionmag.com\/index.php?rest_route=%2Fwp%2Fv2%2Fmedia&parent=7440"}],"wp:term":[{"taxonomy":"category","embeddable":true,"href":"https:\/\/www.traitdunionmag.com\/index.php?rest_route=%2Fwp%2Fv2%2Fcategories&post=7440"},{"taxonomy":"post_tag","embeddable":true,"href":"https:\/\/www.traitdunionmag.com\/index.php?rest_route=%2Fwp%2Fv2%2Ftags&post=7440"}],"curies":[{"name":"wp","href":"https:\/\/api.w.org\/{rel}","templated":true}]}}