{"id":732,"date":"2015-05-30T00:05:08","date_gmt":"2015-05-29T23:05:08","guid":{"rendered":"http:\/\/www.traitdunionmag.com\/?p=732"},"modified":"2015-05-27T11:51:02","modified_gmt":"2015-05-27T10:51:02","slug":"un-probleme-madame","status":"publish","type":"post","link":"https:\/\/www.traitdunionmag.com\/?p=732","title":{"rendered":"Un probl\u00e8me, madame\u00a0?"},"content":{"rendered":"<p style=\"text-align: justify;\"><em><span style=\"color: #000000;\">Il y a un an \u00e0 peine, Lucie Navarre quittait Londres pour Hong-Kong. C\u2019est les yeux et l\u2019esprit grands ouverts que cette curieuse de nature s\u2019est fondue dans le d\u00e9cor. Persuad\u00e9e que notre \u00eele lui r\u00e9v\u00e9lerait ses tr\u00e9sors, notre jeune Picarde d\u2019origine ignorait cependant qu\u2019Hong-Kong lui permettrait de renouer avec sa passion de toujours\u00a0: le th\u00e9\u00e2tre. <\/span><\/em><br \/>\n<span style=\"color: #000000;\">Propos recueillis par Alice Clay<\/span><\/p>\n<p style=\"text-align: justify;\"><em><strong><span style=\"color: #000000;\">Trait-d\u2019Union\u00a0: Lucie, malgr\u00e9 votre jeune \u00e2ge, vous avez d\u00e9j\u00e0 une belle exp\u00e9rience de th\u00e9\u00e2tre. Pouvez-vous nous parler de votre parcours\u00a0?<\/span><\/strong><\/em><br \/>\n<span style=\"color: #000000;\">Lucie Navarre\u00a0: Comme beaucoup, j\u2019ai commenc\u00e9 par les cours Florent\u00a0! J\u2019ai eu le bonheur d\u2019y rencontrer Amandine Fl\u00e9 avec laquelle j\u2019ai cr\u00e9\u00e9 plusieurs spectacles. L\u2019un d\u2019entre eux, Man\u00e8ge, nous a valu le \u00ab\u00a0Jacques sp\u00e9cial\u00a0\u00bb de la musique et a \u00e9t\u00e9 s\u00e9lectionn\u00e9 au festival de la cr\u00e9ation \u00e0 St\u00a0Mand\u00e9. Puis, j\u2019ai rejoint l\u2019\u00e9cole de St\u00e9phane Auvray-Nauroy. Je voulais explorer diff\u00e9rentes approches du th\u00e9\u00e2tre. L\u00e0, j\u2019ai travaill\u00e9 sur le processus de cr\u00e9ation th\u00e9\u00e2trale aux c\u00f4t\u00e9s notamment de l\u2019acteur et metteur en sc\u00e8ne, Michel Fau. Quelle exp\u00e9rience\u00a0!<\/span><\/p>\n<p style=\"text-align: justify;\"><span style=\"color: #000000;\">En tant que com\u00e9dienne, j\u2019ai jou\u00e9 au th\u00e9\u00e2tre de l\u2019Est Parisien (TEP) sous la direction de l\u2019actrice Fabienne Lucchetti ainsi qu\u2019au festival off d\u2019Avignon, dans la pi\u00e8ce Anarchie en Bavi\u00e8re de RW. Fassbinder, mise en sc\u00e8ne par Iris Gaillard. Ce spectacle, nous sommes d\u2019ailleurs partis en tourn\u00e9e le pr\u00e9senter. <\/span><\/p>\n<p style=\"text-align: justify;\"><span style=\"color: #000000;\">Puis, \u00e9videmment, j\u2019ai \u00e9t\u00e9 attir\u00e9e par la cam\u00e9ra. Cette fois-ci, j\u2019ai eu la chance de me former sous la direction de St\u00e9phanie Girerd, une r\u00e9alisatrice fran\u00e7aise dont le long m\u00e9trage Africaine est sorti en f\u00e9vrier dernier. Par la suite, j\u2019ai d\u00e9couvert et appliqu\u00e9 la m\u00e9thode Meisner au sein de la compagnie des Nouveaux Mondes. Oh, mais c\u2019est vrai, j\u2019en ai fait des choses\u00a0! (rires)<\/span><\/p>\n<p style=\"text-align: justify;\"><em><strong><span style=\"color: #000000;\">Quel est votre r\u00f4le au sein de l\u2019\u00e9cole Chorus\u00a0?<\/span><\/strong><\/em><br \/>\n<span style=\"color: #000000;\">Avec Marion Demeneix, j\u2019anime les ateliers th\u00e9\u00e2tre en fran\u00e7ais pour les enfants et les adolescents. Ensemble, nous montons des spectacles avec et pour les jeunes. Je suis \u00e9galement en charge de l\u2019atelier \u00ab\u00a0th\u00e9\u00e2tre-adultes\u00a0\u00bb et je mets en sc\u00e8ne mes \u00ab\u00a0grands\u00a0\u00bb \u00e9l\u00e8ves.<\/span><\/p>\n<p style=\"text-align: justify;\"><span style=\"color: #000000;\">Justement. Chorus pr\u00e9sente depuis deux ans des spectacles d\u2019enfants mais c\u2019est la premi\u00e8re fois que l\u2019atelier \u00ab\u00a0th\u00e9\u00e2tre-adultes\u00a0\u00bb monte sur les planches. Qui sont vos com\u00e9diens\u00a0?<\/span><br \/>\n<span style=\"color: #000000;\">Des femmes\u00a0! Certaines ont d\u00e9j\u00e0 fait pas mal de th\u00e9\u00e2tre. D\u2019autres, pas du tout. En tout cas, elles ont un point commun\u00a0:\u00a0l\u2019enthousiasme\u00a0! <\/span><\/p>\n<p style=\"text-align: justify;\"><em><strong><span style=\"color: #000000;\">Un probl\u00e8me, madame\u00a0? est une mise en sc\u00e8ne de sketches contemporains et d\u2019extraits de pi\u00e8ces classiques. Que voulez-vous montrer \u00e0 travers ce spectacle\u00a0?<\/span><\/strong><\/em><br \/>\n<span style=\"color: #000000;\">Au public\u00a0? Rien de particulier. J\u2019esp\u00e8re surtout que notre spectacle le divertira. M\u00eame si ce patchwork de situations parle parfois de sujets graves comme la solitude, la tromperie ou l\u2019\u00e9chec, le ton reste enjou\u00e9. J\u2019adore la trag\u00e9die. Mais l\u00e0, je crois que je montre un spectacle l\u00e9ger, une tragi com\u00e9die\u00a0!<\/span><\/p>\n<p style=\"text-align: justify;\"><span style=\"color: #000000;\">A mes actrices\u00a0? J\u2019ai essay\u00e9 de leur indiquer un chemin. Celui auquel je crois. J\u2019ai voulu leur donner envie de se lancer, de se faire entendre, de jouer. J\u2019aimerais qu\u2019elles soient d\u00e9sormais convaincues que, sans public, le th\u00e9\u00e2tre n\u2019existe pas. En fait, Un probl\u00e8me, Madame\u00a0?, ce sont les travaux pratiques de mon atelier. Sinc\u00e8rement, j\u2019envisage ce spectacle comme une \u00e9tape dans leur d\u00e9marche. Si j\u2019ai bien travaill\u00e9, il leur permettra d\u2019aller plus loin.<\/span><\/p>\n<p style=\"text-align: justify;\"><strong><em><span style=\"color: #000000;\">Des projets pour l\u2019ann\u00e9e prochaine\u00a0?<\/span><\/em><\/strong><br \/>\n<span style=\"color: #000000;\">Bien s\u00fbr\u00a0! Avec Patrick et Marion, on n\u2019arr\u00eate jamais (rires) \u2013 NDLR. Patrick Larbier, fondateur et directeur de Chorus. Je vais intervenir sur diff\u00e9rents sites du Lyc\u00e9e Fran\u00e7ais international (LFI) aupr\u00e8s des enfants et des coll\u00e9giens. Avec les adultes, nous allons approfondir le travail et nous atteler \u00e0 un autre spectacle. Avec Marion, nous passons toujours beaucoup de temps \u00e0 \u00e9laborer les cours et les spectacles pour r\u00e9jouir aussi bien les jeunes que leurs parents.<\/span><\/p>\n<p style=\"text-align: justify;\"><span style=\"color: #ff0000;\"><strong>Un probl\u00e8me, madame\u00a0? Dimanche 7 juin \u2013 17h \/ Lundi 8 juin \u2013 20h \/ Peel Fresco, Soho<\/strong><\/span><\/p>\n","protected":false},"excerpt":{"rendered":"<p>Il y a un an \u00e0 peine, Lucie Navarre quittait Londres pour Hong-Kong. C\u2019est les yeux et l\u2019esprit grands ouverts<\/p>\n","protected":false},"author":9,"featured_media":733,"comment_status":"closed","ping_status":"closed","sticky":false,"template":"","format":"standard","meta":{"_exactmetrics_skip_tracking":false,"_exactmetrics_sitenote_active":false,"_exactmetrics_sitenote_note":"","_exactmetrics_sitenote_category":0,"footnotes":""},"categories":[18,26],"tags":[],"class_list":["post-732","post","type-post","status-publish","format-standard","has-post-thumbnail","hentry","category-culture","category-hong-kong"],"_links":{"self":[{"href":"https:\/\/www.traitdunionmag.com\/index.php?rest_route=\/wp\/v2\/posts\/732","targetHints":{"allow":["GET"]}}],"collection":[{"href":"https:\/\/www.traitdunionmag.com\/index.php?rest_route=\/wp\/v2\/posts"}],"about":[{"href":"https:\/\/www.traitdunionmag.com\/index.php?rest_route=\/wp\/v2\/types\/post"}],"author":[{"embeddable":true,"href":"https:\/\/www.traitdunionmag.com\/index.php?rest_route=\/wp\/v2\/users\/9"}],"replies":[{"embeddable":true,"href":"https:\/\/www.traitdunionmag.com\/index.php?rest_route=%2Fwp%2Fv2%2Fcomments&post=732"}],"version-history":[{"count":3,"href":"https:\/\/www.traitdunionmag.com\/index.php?rest_route=\/wp\/v2\/posts\/732\/revisions"}],"predecessor-version":[{"id":736,"href":"https:\/\/www.traitdunionmag.com\/index.php?rest_route=\/wp\/v2\/posts\/732\/revisions\/736"}],"wp:featuredmedia":[{"embeddable":true,"href":"https:\/\/www.traitdunionmag.com\/index.php?rest_route=\/wp\/v2\/media\/733"}],"wp:attachment":[{"href":"https:\/\/www.traitdunionmag.com\/index.php?rest_route=%2Fwp%2Fv2%2Fmedia&parent=732"}],"wp:term":[{"taxonomy":"category","embeddable":true,"href":"https:\/\/www.traitdunionmag.com\/index.php?rest_route=%2Fwp%2Fv2%2Fcategories&post=732"},{"taxonomy":"post_tag","embeddable":true,"href":"https:\/\/www.traitdunionmag.com\/index.php?rest_route=%2Fwp%2Fv2%2Ftags&post=732"}],"curies":[{"name":"wp","href":"https:\/\/api.w.org\/{rel}","templated":true}]}}