{"id":7288,"date":"2022-02-09T00:45:48","date_gmt":"2022-02-08T23:45:48","guid":{"rendered":"http:\/\/www.traitdunionmag.com\/?p=7288"},"modified":"2022-03-17T00:18:18","modified_gmt":"2022-03-16T23:18:18","slug":"bien-gerer-son-expatriation","status":"publish","type":"post","link":"https:\/\/www.traitdunionmag.com\/?p=7288","title":{"rendered":"Bien g\u00e9rer son expatriation"},"content":{"rendered":"<p><em><span style=\"font-weight: 400;\">Cr\u00e9\u00e9e d\u2019abord en 2014 \u00e0 New York par Fabienne Meurrens \u00e0 la suite de son exp\u00e9rience de consultante aupr\u00e8s de diff\u00e9rentes soci\u00e9t\u00e9s de relocation, la soci\u00e9t\u00e9 NovaLocus a pris un nouvel \u00e9lan \u00e0 Hong-Kong avec Anne Suquet, devenue associ\u00e9e. Les deux fran\u00e7aises ont d\u00e9cid\u00e9 de s\u2019unir pour aider les expatri\u00e9s, souhaitant venir vivre \u00e0 Hong-Kong, \u00e0 relever ce d\u00e9fi, en facilitant leur installation.\u00a0<\/span><\/em><\/p>\n<p><em><span style=\"font-weight: 400;\">Leur objectif\u00a0: adapter leurs services aux besoins de chaque expatri\u00e9 \u00e0 l\u2019aide d\u2019une \u00e9quipe internationale de consultants et surtout en apportant une attention constante aux demandes de ces expatri\u00e9s en devenir. Fabienne et Anne souhaitent, avec leurs services, faire gagner du temps aux expatri\u00e9s et aux entreprises pendant la phase d\u2019installation et pour toute la p\u00e9riode d\u2019expatriation. En plus de la partie \u00ab relocation \u00bb, les deux entrepreneures prennent le temps de questionner les futurs expatri\u00e9s sur leurs besoins pour les \u00e9coles, mais \u00e9galement la culture ou encore sur leur mode de vie. Ces questions pour, selon les deux jeunes femmes, diminuer le stress avant le d\u00e9part. Des d\u00e9couvertes de la ville en pr\u00e9sentiel et en distanciel (quarantaine et mesures de distanciation sociale obligent\u00a0!), \u00e0 la recherche du logement en passant par une formation interculturelle. De l\u2019assistance administrative \u00e0 la recherche de l\u2019\u00e9cole, tout est pr\u00e9vu pour une installation en douceur. Leur motto\u00a0: \u00ab Avec nous dormez tranquille, arrivez tranquille, installez-vous tranquille et soyez chez vous \u00bb. Elles nous en parlent.\u00a0<\/span><\/em><\/p>\n<p><span style=\"font-weight: 400;\">Propos recueillis par Catya Martin<\/span><\/p>\n<p>&nbsp;<\/p>\n<p><img loading=\"lazy\" decoding=\"async\" class=\"aligncenter size-large wp-image-7252\" src=\"http:\/\/www.traitdunionmag.com\/wp-content\/uploads\/2022\/02\/TU133P4et54-1024x537.jpg\" alt=\"\" width=\"800\" height=\"420\" srcset=\"https:\/\/www.traitdunionmag.com\/wp-content\/uploads\/2022\/02\/TU133P4et54-1024x537.jpg 1024w, https:\/\/www.traitdunionmag.com\/wp-content\/uploads\/2022\/02\/TU133P4et54-300x157.jpg 300w, https:\/\/www.traitdunionmag.com\/wp-content\/uploads\/2022\/02\/TU133P4et54-768x403.jpg 768w, https:\/\/www.traitdunionmag.com\/wp-content\/uploads\/2022\/02\/TU133P4et54-390x205.jpg 390w, https:\/\/www.traitdunionmag.com\/wp-content\/uploads\/2022\/02\/TU133P4et54.jpg 1430w\" sizes=\"auto, (max-width: 800px) 100vw, 800px\" \/><\/p>\n<p>&nbsp;<\/p>\n<p><strong>Trait d\u2019union\u00a0: Comment vous \u00eates-vous rencontr\u00e9es\u00a0?<\/strong><\/p>\n<p><span style=\"font-weight: 400;\">Anne Suquet\u00a0: L\u2019association Hong-Kong Accueil organise chaque vendredi un caf\u00e9 pour tous les francophones de Hong-Kong. Nous nous sommes rencontr\u00e9es \u00e0 cette occasion.\u00a0<\/span><\/p>\n<p><span style=\"font-weight: 400;\">C\u2019est aussi la Provence qui nous a r\u00e9uni, Fabienne est marseillaise et moi d\u2019Aix en Provence.<\/span><\/p>\n<p>&nbsp;<\/p>\n<p><strong>Quel est votre parcours \u00e0 l&rsquo;une et l&rsquo;autre\u00a0?<\/strong><\/p>\n<p><span style=\"font-weight: 400;\">Fabienne\u00a0Meurrens\u00a0:\u00a0Expatri\u00e9e depuis plus de vingt ans, d\u2019abord au Royaume-Uni puis aux \u00c9tats-Unis et maintenant \u00e0 Hong-Kong, j\u2019ai rapidement compris gr\u00e2ce \u00e0 mon exp\u00e9rience personnelle les besoins en relocation des personnes quittant leur pays pour s&rsquo;installer \u00e0 l\u2019\u00e9tranger, dans un environnement souvent tr\u00e8s diff\u00e9rent du leur.<\/span><\/p>\n<p><span style=\"font-weight: 400;\">Apr\u00e8s plusieurs ann\u00e9es pass\u00e9es \u00e0 travailler pour de grandes soci\u00e9t\u00e9s am\u00e9ricaines de relocation, j\u2019ai cr\u00e9\u00e9 sa propre soci\u00e9t\u00e9 \u00e0 New York en 2014. En 2017 \u00e0 mon arriv\u00e9e \u00e0 Hong-Kong, j\u2019ai d\u00e9cid\u00e9 de commencer un nouveau chapitre avec le lancement de NovaLocus Hong-Kong en collaboration avec Anne.<\/span><\/p>\n<p><span style=\"font-weight: 400;\">Anne Suquet\u00a0: Apr\u00e8s un d\u00e9but de carri\u00e8re dans les Ressources Humaines, j\u2019ai \u00e9t\u00e9 professeur d\u2019\u00e9conomie et de gestion appliqu\u00e9e \u00e0 l\u2019entreprise dans plusieurs lyc\u00e9es en France.\u00a0<\/span><\/p>\n<p><span style=\"font-weight: 400;\">Plus tard, mon poste de Chef de Projet au D\u00e9partement International de la direction de l\u2019\u00c9ducation nationale, m\u2019a conduite \u00e0 piloter plusieurs programmes en partenariat avec certains pays de l\u2019Union Europ\u00e9enne.\u00a0<\/span><\/p>\n<p><span style=\"font-weight: 400;\">Il y a deux ans, j\u2019ai suivi mon mari \u00e0 Hong-Kong.\u00a0<\/span><\/p>\n<p><span style=\"font-weight: 400;\">La rencontre avec de nombreux Hongkongais me permet chaque jour de mieux conna\u00eetre et aimer ce pays atypique par de nombreux points.\u00a0<\/span><\/p>\n<p><span style=\"font-weight: 400;\">Tr\u00e8s vite, j\u2019ai d\u00e9cid\u00e9 de m\u2019investir dans le monde associatif pour \u00e9changer et partager.\u00a0<\/span><\/p>\n<p><span style=\"font-weight: 400;\">Accompagner les expatri\u00e9s arrivant \u00e0 Hong-Kong est devenu plus qu\u2019une passion pour moi, mais un m\u00e9tier \u00e0 part enti\u00e8re \u00e0 travers la cr\u00e9ation de NovaLocus en association avec Fabienne.\u00a0\u00a0<\/span><\/p>\n<p>&nbsp;<\/p>\n<p><strong>Comment vous est venu\u00a0le projet de NovaLocus\u00a0?<\/strong><\/p>\n<p><span style=\"font-weight: 400;\">Fabienne\u00a0: D\u00e8s mon arriv\u00e9e \u00e0 Hong-Kong, j\u2019ai \u00e9t\u00e9 approch\u00e9e par le r\u00e9seau Bienvenue (www.bienvenuerelo.com) pour rejoindre cette association qui regroupe des agences de relocation ind\u00e9pendantes et francophones implant\u00e9es dans le monde entier. Encourag\u00e9e par ce support, j\u2019ai tout naturellement souhait\u00e9 tenter l\u2019aventure mais je ne voulais pas \u00eatre seule.<\/span><\/p>\n<p><span style=\"font-weight: 400;\">J\u2019ai donc propos\u00e9 \u00e0 Anne de s\u2019associer avec moi. Nous \u00e9tions alors pr\u00eates \u00e0 relever ce nouveau challenge, fortes de notre d\u00e9termination et de nos exp\u00e9riences respectives qui sont compl\u00e9mentaires.\u00a0<\/span><\/p>\n<p><span style=\"font-weight: 400;\">C\u2019est ainsi que NovaLocus a vu le jour en mars 2021 \u00e0 Hong-Kong.<\/span><\/p>\n<p>&nbsp;<\/p>\n<p><strong>Quelle est votre cible\u00a0?<\/strong><\/p>\n<p><span style=\"font-weight: 400;\">Anne et Fabienne\u00a0: Les soci\u00e9t\u00e9s et les particuliers francophones principalement. Nos services s\u2019adressent \u00e0 toutes les personnes ayant un projet d\u2019expatriation et aux entreprises qui organisent les mobilit\u00e9s de leurs collaborateurs vers Hong-Kong.\u00a0<\/span><\/p>\n<p><span style=\"font-weight: 400;\">Nous collaborons \u00e9galement en sous-traitance avec des grands groupes de relocation.<\/span><\/p>\n<p>&nbsp;<\/p>\n<p><strong>Quelles sont les principales demandes de vos clients\u00a0?<\/strong><\/p>\n<p><span style=\"font-weight: 400;\">Anne et Fabienne\u00a0: Nos clients recherchent pour eux-m\u00eames ou pour leurs collaborateurs une installation facilit\u00e9e et sans stress. Ils souhaitent \u00e9galement avoir une meilleure connaissance de leur pays d\u2019accueil.<\/span><\/p>\n<p>&nbsp;<\/p>\n<p><strong>Quelle diff\u00e9rence apportez-vous\u00a0?<\/strong><\/p>\n<p><span style=\"font-weight: 400;\">Anne et Fabienne\u00a0: Pour contribuer \u00e0 la r\u00e9ussite d\u2019une expatriation, NovaLocus g\u00e8re chaque mission en l\u2019envisageant sur le long terme et apporte une r\u00e9ponse pr\u00e9cise et personnalis\u00e9e.<\/span><\/p>\n<p><span style=\"font-weight: 400;\">Dans le contexte actuel dans lequel se trouve Hong-Kong o\u00f9 les entreprises souhaitent attirer et retenir de nouveaux talents, NovaLocus fait la diff\u00e9rence en apportant un service qualitatif sur mesure qui rassure et conforte l\u2019expatri\u00e9 dans sa d\u00e9cision de partir travailler et vivre \u00e0 Hong-Kong. Nous travaillons \u00e9galement avec des partenaires capables de r\u00e9pondre \u00e0 des besoins sp\u00e9cifiques tels que l\u2019accompagnement du conjoint dans sa recherche d\u2019emploi, la formation interculturelle\u2026<\/span><\/p>\n<p>&nbsp;<\/p>\n<p><strong>Quels sont vos projets \u00e0 2, 5 ans\u00a0?<\/strong><\/p>\n<p><span style=\"font-weight: 400;\">Anne et Fabienne\u00a0: Nous sommes une jeune entreprise et notre ambition est de devenir \u00ab\u00a0la r\u00e9f\u00e9rence en mati\u00e8re de \u00ab\u00a0relocation sur mesure\u00a0et de qualit\u00e9 \u00bb pour les entreprises francophones et de collaborer avec les acteurs majeurs du secteur \u00e0 Hong-Kong\u00a0\u00bb d\u2019ici 2 \u00e0 5 ans.<\/span><\/p>\n<p>&nbsp;<\/p>\n<p><strong>Que pouvons-nous vous souhaiter\u00a0?<\/strong><\/p>\n<p><span style=\"font-weight: 400;\">Que les fronti\u00e8res de Hong-Kong rouvrent le plus t\u00f4t possible et que NovaLocus puisse contribuer au d\u00e9veloppement \u00e9conomique de Hong-Kong\u00a0!<\/span><\/p>\n<p>&nbsp;<\/p>\n<p><strong>Pour en savoir plus\u00a0:<\/strong><\/p>\n<p><a href=\"https:\/\/www.novalocus.com\/fr\/home\/\" target=\"_blank\" rel=\"noopener\"><span style=\"font-weight: 400;\">https:\/\/www.novalocus.com\/fr\/home\/<\/span><\/a><\/p>\n<p>&nbsp;<\/p>\n<p><img loading=\"lazy\" decoding=\"async\" class=\"aligncenter size-full wp-image-7250\" src=\"http:\/\/www.traitdunionmag.com\/wp-content\/uploads\/2022\/02\/TU133P4et52.jpeg\" alt=\"\" width=\"640\" height=\"320\" srcset=\"https:\/\/www.traitdunionmag.com\/wp-content\/uploads\/2022\/02\/TU133P4et52.jpeg 640w, https:\/\/www.traitdunionmag.com\/wp-content\/uploads\/2022\/02\/TU133P4et52-300x150.jpeg 300w\" sizes=\"auto, (max-width: 640px) 100vw, 640px\" \/><\/p>\n","protected":false},"excerpt":{"rendered":"<p>Cr\u00e9\u00e9e d\u2019abord en 2014 \u00e0 New York par Fabienne Meurrens \u00e0 la suite de son exp\u00e9rience de consultante aupr\u00e8s de<\/p>\n","protected":false},"author":9,"featured_media":7249,"comment_status":"closed","ping_status":"closed","sticky":false,"template":"","format":"standard","meta":{"_exactmetrics_skip_tracking":false,"_exactmetrics_sitenote_active":false,"_exactmetrics_sitenote_note":"","_exactmetrics_sitenote_category":0,"footnotes":""},"categories":[16],"tags":[],"class_list":["post-7288","post","type-post","status-publish","format-standard","has-post-thumbnail","hentry","category-infos-regionales"],"_links":{"self":[{"href":"https:\/\/www.traitdunionmag.com\/index.php?rest_route=\/wp\/v2\/posts\/7288","targetHints":{"allow":["GET"]}}],"collection":[{"href":"https:\/\/www.traitdunionmag.com\/index.php?rest_route=\/wp\/v2\/posts"}],"about":[{"href":"https:\/\/www.traitdunionmag.com\/index.php?rest_route=\/wp\/v2\/types\/post"}],"author":[{"embeddable":true,"href":"https:\/\/www.traitdunionmag.com\/index.php?rest_route=\/wp\/v2\/users\/9"}],"replies":[{"embeddable":true,"href":"https:\/\/www.traitdunionmag.com\/index.php?rest_route=%2Fwp%2Fv2%2Fcomments&post=7288"}],"version-history":[{"count":1,"href":"https:\/\/www.traitdunionmag.com\/index.php?rest_route=\/wp\/v2\/posts\/7288\/revisions"}],"predecessor-version":[{"id":7289,"href":"https:\/\/www.traitdunionmag.com\/index.php?rest_route=\/wp\/v2\/posts\/7288\/revisions\/7289"}],"wp:featuredmedia":[{"embeddable":true,"href":"https:\/\/www.traitdunionmag.com\/index.php?rest_route=\/wp\/v2\/media\/7249"}],"wp:attachment":[{"href":"https:\/\/www.traitdunionmag.com\/index.php?rest_route=%2Fwp%2Fv2%2Fmedia&parent=7288"}],"wp:term":[{"taxonomy":"category","embeddable":true,"href":"https:\/\/www.traitdunionmag.com\/index.php?rest_route=%2Fwp%2Fv2%2Fcategories&post=7288"},{"taxonomy":"post_tag","embeddable":true,"href":"https:\/\/www.traitdunionmag.com\/index.php?rest_route=%2Fwp%2Fv2%2Ftags&post=7288"}],"curies":[{"name":"wp","href":"https:\/\/api.w.org\/{rel}","templated":true}]}}