{"id":6619,"date":"2021-03-05T17:39:09","date_gmt":"2021-03-05T16:39:09","guid":{"rendered":"http:\/\/www.traitdunionmag.com\/?p=6619"},"modified":"2021-03-05T17:45:57","modified_gmt":"2021-03-05T16:45:57","slug":"la-primaire-de-hong-kong","status":"publish","type":"post","link":"https:\/\/www.traitdunionmag.com\/?p=6619","title":{"rendered":"La Primaire de Hong-Kong"},"content":{"rendered":"<p><em><span style=\"font-weight: 400;\">C\u2019est le nom de la structure cr\u00e9\u00e9e il y a quelques mois par Fr\u00e9d\u00e9rique Varroy. L\u2019objectif, venir en soutien aupr\u00e8s d\u2019enfants scolaris\u00e9s en \u00e9cole primaire, en Fran\u00e7ais. Cours particuliers \u00e0 domicile, soutien personnalis\u00e9, aide aux devoirs, pr\u00e9paration aux \u00e9valuations ou encore remise \u00e0 niveaux et accompagnement CNED sont propos\u00e9s avec un encadrement de professeurs des \u00e9coles qualifi\u00e9s et exp\u00e9riment\u00e9s.\u00a0<\/span><\/em><\/p>\n<p><span style=\"font-weight: 400;\">Par Catya Martin<\/span><\/p>\n<p>&nbsp;<\/p>\n<p><span style=\"font-weight: 400;\"><img loading=\"lazy\" decoding=\"async\" class=\"alignleft size-medium wp-image-6488\" src=\"http:\/\/www.traitdunionmag.com\/wp-content\/uploads\/2021\/02\/TU123P331-270x300.jpg\" alt=\"\" width=\"270\" height=\"300\" srcset=\"https:\/\/www.traitdunionmag.com\/wp-content\/uploads\/2021\/02\/TU123P331-270x300.jpg 270w, https:\/\/www.traitdunionmag.com\/wp-content\/uploads\/2021\/02\/TU123P331-768x854.jpg 768w, https:\/\/www.traitdunionmag.com\/wp-content\/uploads\/2021\/02\/TU123P331-921x1024.jpg 921w, https:\/\/www.traitdunionmag.com\/wp-content\/uploads\/2021\/02\/TU123P331.jpg 1181w\" sizes=\"auto, (max-width: 270px) 100vw, 270px\" \/>La crise sanitaire obligeant les \u00e9coles \u00e0 fermer et les \u00e9l\u00e8ves \u00e0 suivre des cours \u00e0 distance, a suscit\u00e9 une v\u00e9ritable demande \u00e9manant de parents, tous soucieux d\u2019apporter \u00e0 leurs enfants un cadre plus scolaire et un suivi personnalis\u00e9. L\u2019\u00e9quipe p\u00e9dagogique est constitu\u00e9e uniquement d\u2019enseignants tous professeurs des \u00e9coles et dipl\u00f4m\u00e9s de l\u2019\u00c9ducation Nationale fran\u00e7aise qui suivent rigoureusement le programme officiel.<\/span><\/p>\n<p><span style=\"font-weight: 400;\">C\u2019est durant les vacances scolaires que \u00ab\u00a0La Primaire de Hong-Kong\u00a0\u00bb a commenc\u00e9 ses activit\u00e9s proposant des stages de soutien pour les enfants. \u00ab\u00a0La Primaire de Hong-Kong apporte son soutien p\u00e9dagogique de qualit\u00e9, ses m\u00e9thodes de travail ainsi qu\u2019un renforcement de la confiance de l\u2019enfant\u00a0\u00bb, explique la fondatrice Fr\u00e9d\u00e9rique Varroy.<\/span><\/p>\n<p><span style=\"font-weight: 400;\">Bac scientifique en poche, Fr\u00e9d\u00e9rique obtient une licence de bio chimie et s\u2019inscrit au concours de professeur des \u00e9coles, concours qu\u2019elle r\u00e9ussit. Elle d\u00e9bute sa carri\u00e8re de professionnelle en 1994 et devient directrice d\u2019\u00e9cole en 1997. La jeune femme ne s\u2019arr\u00eate pas l\u00e0 et d\u00e9cide, en 2007, de passer une licence de psychologie avant le grand d\u00e9part pour Hong-Kong la m\u00eame ann\u00e9e.<\/span><\/p>\n<p>&nbsp;<\/p>\n<p><span style=\"font-weight: 400;\">C\u2019est donc tout naturellement qu\u2019elle va rejoindre le lyc\u00e9e fran\u00e7ais o\u00f9 elle restera 13 ans avant de se lancer avec \u00ab\u00a0La Primaire de Hong-Kong\u00a0\u00bb.<\/span><\/p>\n<p>&nbsp;<\/p>\n<p><span style=\"font-weight: 400;\">Pour cette enseignante, il est important, voire primordial, que les enfants sachent lire et \u00e9crire d\u00e8s leur sortie de classe pr\u00e9paratoire. \u00ab\u00a0Ce n\u2019est pas facile, surtout lorsque vous avez des classes de 25 \u00e0 30 \u00e9l\u00e8ves, et c\u2019est encore plus compliqu\u00e9 \u00e0 l\u2019\u00e9tranger car les enfants apprennent et entendent plusieurs langues d\u00e8s leur plus jeune \u00e2ge\u00a0\u00bb, explique-t-elle.<\/span><\/p>\n<p>&nbsp;<\/p>\n<p><span style=\"font-weight: 400;\">Avec \u00ab\u00a0La Primaire de Hong-Kong\u00a0\u00bb, Fr\u00e9d\u00e9rique Varroy veut r\u00e9ussir \u00e0 aller plus loin pour les enfants et obtenir des r\u00e9sultats. \u00ab\u00a0Les enfants doivent pouvoir distinguer le futur du conditionnel d\u00e8s la sortie du primaire. Il est important pour les enfants d\u2019avoir vraiment une langue totalement maitris\u00e9e\u00a0\u00bb, pr\u00e9cise-t-elle.\u00a0<\/span><\/p>\n<p>&nbsp;<\/p>\n<p><span style=\"font-weight: 400;\">Pour l\u2019enseignante, tout se joue d\u00e8s le plus jeune \u00e2ge. \u00ab\u00a0Le CP est une classe tr\u00e8s importante qu\u2019il ne faut pas louper\u00a0\u00bb, nous dit-elle, estimant que les classes de 25 \u00e0 30 \u00e9l\u00e8ves en primaire ne correspondent plus aux enfants d\u2019aujourd\u2019hui. \u00ab\u00a0Je l\u2019ai vu durant ma carri\u00e8re. Il est tr\u00e8s difficile de faire un enseignement complet avec 25 enfants et de donner la m\u00eame attention \u00e0 tous\u00a0\u00bb, tient-elle \u00e0 pr\u00e9ciser.<\/span><\/p>\n<p>&nbsp;<\/p>\n<p><img loading=\"lazy\" decoding=\"async\" class=\"alignleft size-medium wp-image-6489\" src=\"http:\/\/www.traitdunionmag.com\/wp-content\/uploads\/2021\/02\/TU123P332-300x300.jpg\" alt=\"\" width=\"300\" height=\"300\" srcset=\"https:\/\/www.traitdunionmag.com\/wp-content\/uploads\/2021\/02\/TU123P332-300x300.jpg 300w, https:\/\/www.traitdunionmag.com\/wp-content\/uploads\/2021\/02\/TU123P332-150x150.jpg 150w, https:\/\/www.traitdunionmag.com\/wp-content\/uploads\/2021\/02\/TU123P332-768x768.jpg 768w, https:\/\/www.traitdunionmag.com\/wp-content\/uploads\/2021\/02\/TU123P332-1024x1024.jpg 1024w, https:\/\/www.traitdunionmag.com\/wp-content\/uploads\/2021\/02\/TU123P332.jpg 1181w\" sizes=\"auto, (max-width: 300px) 100vw, 300px\" \/><\/p>\n<p><span style=\"font-weight: 400;\">Sa d<\/span>\u00e9marche s\u2019inscrit totalement dans le souci de l\u2019instruction que l\u2019on donne \u00e0 nos enfants. Avec ses sessions de soutien, la fran\u00e7aise envisage \u00e0 plus long terme l\u2019ouverture d\u2019une v\u00e9ritable structure adapt\u00e9e aux besoins des familles francophones de Hong-Kong. \u00ab\u00a0Je suis en contact avec l\u2019EDB ici et avec l\u2019AEFE pour voir s\u2019il est possible de mettre en place une structure uniquement ax\u00e9e sur la primaire avec pour commencer des classes qui iraient du CP au CE2 et pourquoi pas, \u00e0 plus long terme, finaliser l\u2019ensemble du cursus primaire jusqu\u2019au CM2\u00a0\u00bb, explique Fr\u00e9d\u00e9rique Varroy qui souhaite garder l\u2019esprit de d\u00e9part \u00e0 savoir des classes avec un nombre r\u00e9duit d\u2019\u00e9l\u00e8ves permettant de v\u00e9ritablement leur donner l\u2019attention qu\u2019ils m\u00e9ritent et que les parents attendent.<\/p>\n<p>&nbsp;<\/p>\n<p><span style=\"font-weight: 400;\">Son id\u00e9e serait de pouvoir mettre en place des cours le matin et consacrer les apr\u00e8s-midis aux activit\u00e9s extra-scolaire avec l\u2019apprentissage de langues \u00e9trang\u00e8res ou encore des initiations \u00e0 la m\u00e9ditation et au yoga. \u00ab\u00a0Les enfants ont besoin, d\u00e8s le plus jeune \u00e2ge, de conna\u00eetre leurs \u00e9motions, de pouvoir se d\u00e9tendre et de g\u00e9rer le stress qui est en permanence autour d\u2019eux\u00a0\u00bb, nous explique Fr\u00e9d\u00e9rique.<\/span><\/p>\n<p>&nbsp;<\/p>\n<p><span style=\"font-weight: 400;\">Informations\u00a0: <a href=\"https:\/\/laprimaire.hk\/preprod\/\">https:\/\/laprimaire.hk\/preprod\/<\/a><\/span><\/p>\n","protected":false},"excerpt":{"rendered":"<p>C\u2019est le nom de la structure cr\u00e9\u00e9e il y a quelques mois par Fr\u00e9d\u00e9rique Varroy. L\u2019objectif, venir en soutien aupr\u00e8s<\/p>\n","protected":false},"author":9,"featured_media":6492,"comment_status":"closed","ping_status":"closed","sticky":false,"template":"","format":"standard","meta":{"_exactmetrics_skip_tracking":false,"_exactmetrics_sitenote_active":false,"_exactmetrics_sitenote_note":"","_exactmetrics_sitenote_category":0,"footnotes":""},"categories":[16,52],"tags":[],"class_list":["post-6619","post","type-post","status-publish","format-standard","has-post-thumbnail","hentry","category-infos-regionales","category-publi-reportage"],"_links":{"self":[{"href":"https:\/\/www.traitdunionmag.com\/index.php?rest_route=\/wp\/v2\/posts\/6619","targetHints":{"allow":["GET"]}}],"collection":[{"href":"https:\/\/www.traitdunionmag.com\/index.php?rest_route=\/wp\/v2\/posts"}],"about":[{"href":"https:\/\/www.traitdunionmag.com\/index.php?rest_route=\/wp\/v2\/types\/post"}],"author":[{"embeddable":true,"href":"https:\/\/www.traitdunionmag.com\/index.php?rest_route=\/wp\/v2\/users\/9"}],"replies":[{"embeddable":true,"href":"https:\/\/www.traitdunionmag.com\/index.php?rest_route=%2Fwp%2Fv2%2Fcomments&post=6619"}],"version-history":[{"count":1,"href":"https:\/\/www.traitdunionmag.com\/index.php?rest_route=\/wp\/v2\/posts\/6619\/revisions"}],"predecessor-version":[{"id":6620,"href":"https:\/\/www.traitdunionmag.com\/index.php?rest_route=\/wp\/v2\/posts\/6619\/revisions\/6620"}],"wp:featuredmedia":[{"embeddable":true,"href":"https:\/\/www.traitdunionmag.com\/index.php?rest_route=\/wp\/v2\/media\/6492"}],"wp:attachment":[{"href":"https:\/\/www.traitdunionmag.com\/index.php?rest_route=%2Fwp%2Fv2%2Fmedia&parent=6619"}],"wp:term":[{"taxonomy":"category","embeddable":true,"href":"https:\/\/www.traitdunionmag.com\/index.php?rest_route=%2Fwp%2Fv2%2Fcategories&post=6619"},{"taxonomy":"post_tag","embeddable":true,"href":"https:\/\/www.traitdunionmag.com\/index.php?rest_route=%2Fwp%2Fv2%2Ftags&post=6619"}],"curies":[{"name":"wp","href":"https:\/\/api.w.org\/{rel}","templated":true}]}}