{"id":6043,"date":"2020-09-22T17:52:24","date_gmt":"2020-09-22T16:52:24","guid":{"rendered":"http:\/\/www.traitdunionmag.com\/?p=6043"},"modified":"2020-09-25T11:47:32","modified_gmt":"2020-09-25T10:47:32","slug":"iwi-ou-la-promesse-de-la-vie","status":"publish","type":"post","link":"https:\/\/www.traitdunionmag.com\/?p=6043","title":{"rendered":"\u00ab\u00a0Iwi ou la promesse de la vie\u00a0\u00bb"},"content":{"rendered":"<p class=\"p2\"><span class=\"s1\"><b><i> Premier livre \u00e9crit par St\u00e9phanie Stiernon et illustr\u00e9 par Assia Bennani. Ce livre pour enfant nous raconte l\u2019histoire d\u2019un<\/i><\/b><\/span><b><i> <\/i><\/b><span class=\"s3\"><b><i>gar\u00e7on, nomm\u00e9 Iwi. <\/i><\/b><\/span><span class=\"s2\"><b><i>Le jeune gar\u00e7on vit dans une tribu o\u00f9 la vie de chaque enfant <\/i><\/b><\/span><span class=\"s3\"><b><i>commence par une chanson.<\/i><\/b><\/span><\/p>\n<p>&nbsp;<\/p>\n<p class=\"p1\"><span class=\"s1\"><b><i>Chaque enfant a une m\u00e9lodie, sa m\u00e9lodie. Elle va le guider \u00e0 travers sa vie.<br \/>\nTout au long du livre, les deux jeunes femmes nous font d\u00e9couvrir l\u2019histoire de la vie et de la m\u00e9lodie d\u2019Iwi avec des illustrations vibrantes. Assia et St\u00e9phanie se sont rencontr\u00e9es \u00e0 Discovery Bay, l\u2019une venait de France, l\u2019autre de Belgique.<\/i><\/b><\/span><\/p>\n<p class=\"p1\"><span class=\"s1\"><b><i>Avec un profil totalement oppos\u00e9, elles ont beaucoup \u00e9chang\u00e9 et l\u2019alchimie a eu lieu.<\/i><\/b><\/span><\/p>\n<p class=\"p1\"><span class=\"s1\">Par Catya Martin<\/span><\/p>\n<p class=\"p1\"><span class=\"s1\">\u201c<i>Donner du plaisir aux enfants, mais aussi aux parents qui d\u00e9couvriront, en arri\u00e8re plan, un message plus universel et philosophique<\/i>\u201d, c\u2019est l\u2019objectif que se sont fix\u00e9s St\u00e9phanie et Assia en r\u00e9alisant ce livre. <\/span><\/p>\n<p>&nbsp;<\/p>\n<p class=\"p1\"><span class=\"s1\">\u201c<i>C\u2019est avant tout un beau message pour tous, petits et grands<\/i>\u201d, explique St\u00e9phanie, \u201c<i>le pouvoir d\u2019un village pour \u00e9lever un enfant et le passage des le\u00e7ons de la vie d\u2019une g\u00e9n\u00e9ration \u00e0 l\u2019autre<\/i>\u201d, poursuit-elle.<\/span><\/p>\n<p><img loading=\"lazy\" decoding=\"async\" class=\"size-large wp-image-6045 aligncenter\" src=\"http:\/\/www.traitdunionmag.com\/wp-content\/uploads\/2020\/09\/Iwi2-753x1024.jpg\" alt=\"\" width=\"753\" height=\"1024\" srcset=\"https:\/\/www.traitdunionmag.com\/wp-content\/uploads\/2020\/09\/Iwi2-753x1024.jpg 753w, https:\/\/www.traitdunionmag.com\/wp-content\/uploads\/2020\/09\/Iwi2-221x300.jpg 221w, https:\/\/www.traitdunionmag.com\/wp-content\/uploads\/2020\/09\/Iwi2-768x1044.jpg 768w, https:\/\/www.traitdunionmag.com\/wp-content\/uploads\/2020\/09\/Iwi2.jpg 1435w\" sizes=\"auto, (max-width: 753px) 100vw, 753px\" \/><\/p>\n<p class=\"p1\"><span class=\"s1\">Apr\u00e8s avoir collabor\u00e9 aupr\u00e8s de m\u00e9dias francophones, St\u00e9phanie voulait \u00e9crire mais autrement. Lors sa rencontre avec Assia Bennani, la jeune femme belge a \u00e9t\u00e9 frapp\u00e9e par l\u2019expression que d\u00e9gageaient les dessins d\u2019Assia. \u201c<i>Lors de notre d\u00e9jeuner, Assia s\u2019est mise \u00e0 dessiner, il s\u2019agissait du dessin que l\u2019on retrouve sur la couverture de notre livre, il y avait une luminosit\u00e9 et une inspiration. J\u2019ai tout de suite su que je pouvais raconter ses dessins<\/i>\u201d, raconte la jeune femme.<\/span><\/p>\n<p class=\"p1\"><span class=\"s1\">De l\u00e0, les deux jeunes femmes ont travaill\u00e9 ensemble et le livre a vu le jour au mois de mai. Assia Bennani s\u2019est occup\u00e9e de la mise en page et des illustrations et St\u00e9phanie y a pos\u00e9 l\u2019histoire.<\/span><\/p>\n<p class=\"p1\"><span class=\"s1\">\u201c<i>Nous sommes toutes les deux des mamans expatri\u00e9es francophone, \u00e0 Hong Kong, et nous voulions vraiment cr\u00e9er un pont entre la langue maternelle et l\u2019anglais, langue internationale<\/i>\u201d, explique St\u00e9phanie.<\/span><\/p>\n<p class=\"p1\"><span class=\"s1\">Cette histoire du chant de la vie leur a \u00e9t\u00e9 inspir\u00e9e par l\u2019auteur am\u00e9ricain Alan Cohen avec \u201cThe birth song\u201d. Touch\u00e9es par l\u2019histoire elles ont d\u00e9cid\u00e9 de se lancer. \u00ab\u00a0<i>Nous voulions vraiment travailler la notion du conte et l\u2019adapter \u00e0 des enfants\u00a0<\/i>\u00bb, poursuit-elle. Elles ont donc romanc\u00e9 cette histoire tout en gardant deux niveaux de lecture, une pour les enfants et une pour les adultes.<\/span><\/p>\n<p class=\"p1\"><span class=\"s1\">\u00ab\u00a0<i>Nous avons invent\u00e9 le personnage d\u2019Iwi, en avons fait un petit gar\u00e7on tout en donnant une image unisexe que l\u2019on d\u00e9couvre \u00e0 la fin du livre. La tradition est que la date de naissance d\u2019un enfant n\u2019est pas le jour o\u00f9 l\u2019enfant est n\u00e9 mais le jour o\u00f9 sa maman a pens\u00e9 \u00e0 lui pour la premi\u00e8re fois\u00a0<\/i>\u00bb, pr\u00e9cise St\u00e9phanie. \u00ab\u00a0<i>De l\u00e0, la femme va se reposer au pied d\u2019un arbre et \u00e9couter sa m\u00e9lodie, la m\u00e9lodie de l\u2019enfant. Nous avons tous une m\u00e9lodie \u00e0 nous dans la vie. C\u2019est notre petit guide spirituel cens\u00e9 nous aider dans les bons et les mauvais moments. Puis la future maman va \u00e0 la rencontre du p\u00e8re pour lui apprendre cette m\u00e9lodie et ensemble ils vont la chanter pour appeler l\u2019enfant\u00a0<\/i>\u00bb, explique-t-elle.<\/span><\/p>\n<p>&nbsp;<\/p>\n<p><img loading=\"lazy\" decoding=\"async\" class=\"size-large wp-image-6046 aligncenter\" src=\"http:\/\/www.traitdunionmag.com\/wp-content\/uploads\/2020\/09\/Iwi3-724x1024.jpg\" alt=\"\" width=\"724\" height=\"1024\" srcset=\"https:\/\/www.traitdunionmag.com\/wp-content\/uploads\/2020\/09\/Iwi3-724x1024.jpg 724w, https:\/\/www.traitdunionmag.com\/wp-content\/uploads\/2020\/09\/Iwi3-212x300.jpg 212w, https:\/\/www.traitdunionmag.com\/wp-content\/uploads\/2020\/09\/Iwi3-768x1086.jpg 768w\" sizes=\"auto, (max-width: 724px) 100vw, 724px\" \/><\/p>\n<p class=\"p1\"><span class=\"s1\">Les deux jeunes ont souhait\u00e9 rester dans un univers tr\u00e8s imag\u00e9. Chacun peut suivre le parcours de la m\u00e9lodie \u00e0 travers les dessin d\u2019Assia Bennani, on y trouve des surprises cach\u00e9es ou pas.<\/span><\/p>\n<p class=\"p1\"><span class=\"s1\">Cette m\u00e9lodie rythme la vie enti\u00e8re d\u2019Iwi et de son village. Les habitants du village lui chantent lorsqu\u2019il a des succ\u00e8s, mais aussi des \u00e9checs, afin de lui montrer leur soutien. Pour ce qui est d\u2019une suite, St\u00e9phanie et Assia en r\u00eavent aujourd\u2019hui. Plusieurs enfants leur on d\u00e9j\u00e0 demand\u00e9 ce que devenait Iwi, donc le r\u00eave peut rapidement devenir plus concret.<\/span><\/p>\n<p class=\"p1\"><span class=\"s1\">\u00ab\u00a0<i>Je suis contente de ce premier livre\u00a0<\/i>\u00bb, nous dit St\u00e9phanie. \u00ab\u00a0<i>L\u2019\u00e9criture d\u2019un conte pour enfants est totalement diff\u00e9rente de ce que j\u2019ai connu jusqu\u2019\u00e0 pr\u00e9sent <\/i>\u00bb, pr\u00e9cise-t-elle. \u00ab\u00a0<i>Je me suis rendu compte que la litt\u00e9rature pour enfant est d\u2019une vari\u00e9t\u00e9 impressionnante, elle est tr\u00e8s riche. Il y a aussi bien des livres o\u00f9 l\u2019attention est mise sur l\u2019illustration, d\u2019autres sur l\u2019histoire ou encore plus sur des phrases tr\u00e8s courtes, des mots. Avant de me lancer pour l\u2019\u00e9criture de ce livre, j\u2019ai essay\u00e9 de regarder ce qui plaisait le plus \u00e0 mes enfants mais aussi ce qui me plaisait, en tant que maman\u00a0<\/i>\u00bb explique cette maman de trois enfants.<\/span><\/p>\n<p class=\"p1\"><span class=\"s1\">La priorit\u00e9 dans ce livre est mise sur les \u00e9changes avec l\u2019enfant, que ce soit avec l\u2019histoire qui incite \u00e0 une discussion qu\u2019avec les illustrations qui laissent le r\u00eave entrer dans les esprits. \u00ab\u00a0<i>Les enfants remarquent tous les d\u00e9tails d\u2019une illustration et les questions fusent\u00a0<\/i>\u00bb, souligne la jeune femme. \u00ab\u00a0<i>Ce qui nous tenait \u00e0 coeur c\u2019est aussi le livre, nous voulions en faire un bel objet que l\u2019on garde et pourquoi pas qui se<span class=\"Apple-converted-space\">\u00a0<\/span>transmet de g\u00e9n\u00e9ration en g\u00e9n\u00e9ration\u00a0<\/i>\u00bb, conclut-elle.<\/span><\/p>\n<p class=\"p1\"><span class=\"s1\">Le livre est publi\u00e9 en fran\u00e7ais et en anglais et est recommand\u00e9 pour les enfants de cinq ans et plus, mais convient \u00e9galement aux parents qui lisent \u00e0 des enfants plus jeunes. <\/span><\/p>\n<p class=\"p1\"><span class=\"s1\">&#8212;&#8212;&#8212;&#8212;&#8212;&#8212;&#8212;&#8212;-<\/span><\/p>\n<p class=\"p1\"><span class=\"s1\"><b>\u00ab\u00a0Iwi ou la promesse de la vie\u00a0\u00bb &#8211; (<\/b>195HKD)<br \/>\nDisponible \u00e0 Parenth\u00e8ses, Bookazine et sur le site d\u2019Assia Bennani\u00a0: <\/span><\/p>\n<p class=\"p4\"><span class=\"s4\"><a href=\"https:\/\/www.assiabennani.com\/product-page\/iwi-or-the-promise-of-life\">https:\/\/www.assiabennani.com\/product-page\/iwi-or-the-promise-of-life<\/a><\/span><\/p>\n","protected":false},"excerpt":{"rendered":"<p>Premier livre \u00e9crit par St\u00e9phanie Stiernon et illustr\u00e9 par Assia Bennani. Ce livre pour enfant nous raconte l\u2019histoire d\u2019un gar\u00e7on,<\/p>\n","protected":false},"author":9,"featured_media":6044,"comment_status":"closed","ping_status":"closed","sticky":false,"template":"","format":"standard","meta":{"_exactmetrics_skip_tracking":false,"_exactmetrics_sitenote_active":false,"_exactmetrics_sitenote_note":"","_exactmetrics_sitenote_category":0,"footnotes":""},"categories":[22],"tags":[],"class_list":["post-6043","post","type-post","status-publish","format-standard","has-post-thumbnail","hentry","category-coup-de-coeur"],"_links":{"self":[{"href":"https:\/\/www.traitdunionmag.com\/index.php?rest_route=\/wp\/v2\/posts\/6043","targetHints":{"allow":["GET"]}}],"collection":[{"href":"https:\/\/www.traitdunionmag.com\/index.php?rest_route=\/wp\/v2\/posts"}],"about":[{"href":"https:\/\/www.traitdunionmag.com\/index.php?rest_route=\/wp\/v2\/types\/post"}],"author":[{"embeddable":true,"href":"https:\/\/www.traitdunionmag.com\/index.php?rest_route=\/wp\/v2\/users\/9"}],"replies":[{"embeddable":true,"href":"https:\/\/www.traitdunionmag.com\/index.php?rest_route=%2Fwp%2Fv2%2Fcomments&post=6043"}],"version-history":[{"count":5,"href":"https:\/\/www.traitdunionmag.com\/index.php?rest_route=\/wp\/v2\/posts\/6043\/revisions"}],"predecessor-version":[{"id":6053,"href":"https:\/\/www.traitdunionmag.com\/index.php?rest_route=\/wp\/v2\/posts\/6043\/revisions\/6053"}],"wp:featuredmedia":[{"embeddable":true,"href":"https:\/\/www.traitdunionmag.com\/index.php?rest_route=\/wp\/v2\/media\/6044"}],"wp:attachment":[{"href":"https:\/\/www.traitdunionmag.com\/index.php?rest_route=%2Fwp%2Fv2%2Fmedia&parent=6043"}],"wp:term":[{"taxonomy":"category","embeddable":true,"href":"https:\/\/www.traitdunionmag.com\/index.php?rest_route=%2Fwp%2Fv2%2Fcategories&post=6043"},{"taxonomy":"post_tag","embeddable":true,"href":"https:\/\/www.traitdunionmag.com\/index.php?rest_route=%2Fwp%2Fv2%2Ftags&post=6043"}],"curies":[{"name":"wp","href":"https:\/\/api.w.org\/{rel}","templated":true}]}}