{"id":4972,"date":"2019-10-28T15:55:12","date_gmt":"2019-10-28T14:55:12","guid":{"rendered":"http:\/\/www.traitdunionmag.com\/?p=4972"},"modified":"2019-10-28T15:55:12","modified_gmt":"2019-10-28T14:55:12","slug":"violences-conjugales-a-letranger-aussi","status":"publish","type":"post","link":"https:\/\/www.traitdunionmag.com\/?p=4972","title":{"rendered":"Violences conjugales, \u00e0 l\u2019\u00e9tranger aussi"},"content":{"rendered":"<p>En septembre dernier le gouvernement fran\u00e7ais a lanc\u00e9 un \u00ab\u00a0Grenelle des violences conjugales\u00a0\u00bb. Plusieurs r\u00e9unions de travail, associant des repr\u00e9sentants des services de l&rsquo;\u00c9tat, associations, acteurs de terrain et familles de victimes se d\u00e9roulent jusqu\u2019au 25 novembre. Les chiffres officiels sont effrayants, avec chaque ann\u00e9e quelque 220.000 femmes, victimes de violences. D\u2019apr\u00e8s les associations, \u00e0 la mi octobre, 121 femmes auraient \u00e9t\u00e9 tu\u00e9es depuis le d\u00e9but de l\u2019ann\u00e9e par leur conjoint ou ex-conjoint. Les Fran\u00e7ais de l\u2019\u00e9tranger, qui sont officiellement pr\u00e8s de 3,5 millions, sont aussi concern\u00e9s.<br \/>\nEntretien avec la d\u00e9put\u00e9e repr\u00e9sentant les Fran\u00e7ais \u00e9tablis hors de France, Am\u00e9lia Lakrafi.<\/p>\n<p>Propos recueillis par Catya Martin<\/p>\n<p><img loading=\"lazy\" decoding=\"async\" class=\"aligncenter size-large wp-image-4973\" src=\"http:\/\/www.traitdunionmag.com\/wp-content\/uploads\/2019\/10\/TU110P10et111-1024x682.jpg\" alt=\"\" width=\"800\" height=\"533\" srcset=\"https:\/\/www.traitdunionmag.com\/wp-content\/uploads\/2019\/10\/TU110P10et111-1024x682.jpg 1024w, https:\/\/www.traitdunionmag.com\/wp-content\/uploads\/2019\/10\/TU110P10et111-300x200.jpg 300w, https:\/\/www.traitdunionmag.com\/wp-content\/uploads\/2019\/10\/TU110P10et111-768x512.jpg 768w, https:\/\/www.traitdunionmag.com\/wp-content\/uploads\/2019\/10\/TU110P10et111.jpg 1181w\" sizes=\"auto, (max-width: 800px) 100vw, 800px\" \/><\/p>\n<p>Trait d\u2019union : Le 4 octobre dernier, lors de la session de l\u2019Assembl\u00e9e des Fran\u00e7ais de l\u2019\u00e9tranger (AFE), vous avez organis\u00e9 une table ronde r\u00e9unissant plusieurs \u00e9lus consulaires. Quel en \u00e9tait le but\u00a0?<br \/>\nAm\u00e9lia Lakrafi : En regardant tous ces \u00e9lus de proximit\u00e9 des Fran\u00e7ais de l\u2019\u00e9tranger venus du monde entier, je me suis dis que c\u2019\u00e9tait la meilleure occasion d\u2019aborder le Grenelle des violences conjugales\u00a0avec les repr\u00e9sentants de nos concitoyens \u00e0 l\u2019\u00e9tranger. Ils sont de formidables relais, tr\u00e8s pr\u00e9cieux, car quand on a comme moi, 49 pays dans sa circonscription, il est impossible d\u2019avoir des informations justes et pertinentes dans chacun des pays. Le principal but \u00e9tait de recenser des t\u00e9moignages, des exemples de bonnes pratiques et enfin des id\u00e9es de propositions \u00e0 faire au Premier ministre \u00c9douard Philippe et \u00e0 la secr\u00e9taire d\u2019Etat Marl\u00e8ne Schiappa.<br \/>\nLes \u00e9lus, pr\u00e9sents en nombre, ont \u00e9t\u00e9 tr\u00e8s pertinents et sensibles \u00e0 la cause, un beau travail d\u2019\u00e9quipe. De belles rencontres qui m\u2019ont \u00e9mue.<br \/>\nAvec votre coll\u00e8gue Samantha Cazebonne, vous avez souhait\u00e9 ouvrir ce d\u00e9bat aux victimes fran\u00e7aises vivant \u00e0 l\u2019\u00e9tranger. Pourquoi\u00a0?<br \/>\nLe lancement de ces Grenelles a eu lieu le 3 septembre 2019, en r\u00e9f\u00e9rence au num\u00e9ro d\u2019urgence 3919*, et se termine le 25 novembre, date de la journ\u00e9e internationale pour l\u2019\u00e9limination des violences faites aux femmes.<br \/>\nA l\u2019assembl\u00e9e nationale, les d\u00e9put\u00e9s aussi se mobilisent. Nous avons lanc\u00e9 une initiative, avec la cr\u00e9ation d\u2019un groupe de 30 d\u00e9put\u00e9s, organis\u00e9 en 15 bin\u00f4mes, dont le but est de proposer un livrable avec des propositions concr\u00e8tes.<br \/>\nNous sommes nombreuses et nombreux \u00e0 avoir candidat\u00e9 \u00e0 ce groupe de travail. J\u2019ai \u00e9t\u00e9 choisie, tout d\u2019abord car les violences domestiques constituent un sujet qui m\u2019est tr\u00e8s cher, ensuite je voulais qu\u2019on puisse entendre la voix, quasi inexistante, de nos compatriotes victimes \u00e0 l\u2019\u00e9tranger.<br \/>\nJ\u2019ai \u00e9t\u00e9 tr\u00e8s agr\u00e9ablement surprise de l\u2019accueil fait par mes 29 coll\u00e8gues lorsque j\u2019ai mis en avant le fait que nous avons, selon l\u2019INSEE, plus de 3,4 millions de fran\u00e7ais \u00e0 l\u2019\u00e9tranger. La moiti\u00e9 de l\u2019humanit\u00e9 \u00e9tant compos\u00e9e de femmes, je suppose que nous avons pr\u00e8s de 1,7 millions de femmes \u00e0 l\u2019\u00e9tranger je n\u2019ignore pas que dans certains pays de ma circonscription, des hommes, souvent \u00e2g\u00e9s, sont victimes de violences physiques et psychologiques. Pour celles qui subissent des violences, la distance avec les proches et la famille, la perte de rep\u00e8res, l\u2019isolement, parfois la d\u00e9pendance financi\u00e8re, sont autant de facteurs aggravants. Je souhaite faire savoir \u00e0 ces femmes qu\u2019elles ne sont pas seules, que des solutions existent, que des personnes (fonctionnaires, elus, associations) \u00e0 proximit\u00e9 mais aussi \u00e0 plusieurs milliers de kilom\u00e8tres s\u2019inqui\u00e8tent et travaillent dans leur int\u00e9r\u00eat. Leur int\u00e9r\u00eat \u00e0 elles mais aussi celui de leurs enfants.<\/p>\n<p>Avez-vous r\u00e9ussi \u00e0 sensibiliser les Fran\u00e7ais \u00e9tablis hors de France sur ce sujet\u00a0? Qu\u2019en est-il des discussions avec les diff\u00e9rents Etats o\u00f9 r\u00e9sident ces victimes\u00a0?<br \/>\nAu vu du nombre de sollicitations et r\u00e9ponses aux questionnaires, oui nous pouvons dire que nous arrivons \u00e0 sensibiliser les Fran\u00e7ais de l\u2019\u00e9tranger. Beaucoup l\u2019\u00e9taient d\u00e9j\u00e0 d\u2019ailleurs. Les messages de soutien font beaucoup de bien et nous avons \u00e9t\u00e9 contact\u00e9s via les r\u00e9seaux sociaux. Des groupes priv\u00e9s facebook, lieux d\u2019\u00e9change et d\u2019\u00e9coute notamment, nous ont approch\u00e9s pour nous alimenter aussi en t\u00e9moignages et exemples de disfonctionnement \u00e0 corriger, une aide pr\u00e9cieuse.<br \/>\nPour les discussions avec les diff\u00e9rents Etats, cela se fera entre gouvernements en priorit\u00e9 mais j\u2019ai aussi initi\u00e9 le sujet avec les d\u00e9put\u00e9s de certains pays, dans le cadre des groupes d\u2019amiti\u00e9s parlementaires.<\/p>\n<p><img loading=\"lazy\" decoding=\"async\" class=\"aligncenter size-large wp-image-4974\" src=\"http:\/\/www.traitdunionmag.com\/wp-content\/uploads\/2019\/10\/TU110P10et112-1024x620.jpg\" alt=\"\" width=\"800\" height=\"484\" srcset=\"https:\/\/www.traitdunionmag.com\/wp-content\/uploads\/2019\/10\/TU110P10et112-1024x620.jpg 1024w, https:\/\/www.traitdunionmag.com\/wp-content\/uploads\/2019\/10\/TU110P10et112-300x182.jpg 300w, https:\/\/www.traitdunionmag.com\/wp-content\/uploads\/2019\/10\/TU110P10et112-768x465.jpg 768w, https:\/\/www.traitdunionmag.com\/wp-content\/uploads\/2019\/10\/TU110P10et112.jpg 2008w\" sizes=\"auto, (max-width: 800px) 100vw, 800px\" \/><\/p>\n<p>Avez-vous eu \u00e0 traiter de cas de violences conjugales concernant des Fran\u00e7ais de l\u2019\u00e9tranger\u00a0?<br \/>\nOui depuis que je communique sur mes r\u00e9seaux sociaux au sujet du groupe de travail du Grenelle. 3 femmes de 3 continents d\u2019expatriation diff\u00e9rents, mais toujours la m\u00eame d\u00e9tresse et douleur.<br \/>\nQuelles sont vos recommandations\u00a0?<br \/>\nA donner \u00e0 une femme : partir, quitter le conjoint violent\u00a0! Informer le consulat, les conseillers consulaires, les associations d\u2019entraides \u00e0 l\u2019\u00e9tranger ou les bienfaisances (OLES), contacter un avocat &#8230;ne pas rester seule.\u00a0Pour le gouvernement, ils sont nombreux, je vous les transmettrai d\u00e8s la fin de mes travaux.<\/p>\n<p>Les d\u00e9bats sont ouverts\u00a0jusqu\u2019au 25 novembre, comment y participer de l\u2019\u00e9tranger\u00a0?<br \/>\nLes Fran\u00e7ais de l\u2019\u00e9tranger peuvent absolument participer, c\u2019est tr\u00e8s simple pour cela il faut remplir et diffuser le plus possible le questionnaire que nous avons mis en place avec mon bin\u00f4me, ma coll\u00e8gue Samantha Cazebonne.<br \/>\nLien:\u00a0https:\/\/framaforms.org\/consultation-grenelle-des-violences-conjugales-1569423027<\/p>\n<p>Quelles seront les suites de ce Grenelle\u00a0?<br \/>\nLe gouvernement devrait arbitrer entre les diff\u00e9rentes propositions que nous aurons faites dans le livrable.<br \/>\nCe ne sera pas un aboutissement, mais bien le d\u00e9but d\u2019une prise de conscience massive, d\u2019un travail de diffusion des bonnes pratiques, de sensibilisation, d\u2019information.<br \/>\nProposer des choses, les mettre en place, les \u00e9valuer, les corriger le cas \u00e9ch\u00e9ant et recommencer sans rel\u00e2che, tant qu\u2019il restera des victimes, m\u00eame une seule c\u2019est une de trop\u00a0!<\/p>\n<p><img loading=\"lazy\" decoding=\"async\" class=\"aligncenter size-large wp-image-4975\" src=\"http:\/\/www.traitdunionmag.com\/wp-content\/uploads\/2019\/10\/TU110P11NewAdAWA-1024x659.jpg\" alt=\"\" width=\"800\" height=\"515\" srcset=\"https:\/\/www.traitdunionmag.com\/wp-content\/uploads\/2019\/10\/TU110P11NewAdAWA-1024x659.jpg 1024w, https:\/\/www.traitdunionmag.com\/wp-content\/uploads\/2019\/10\/TU110P11NewAdAWA-300x193.jpg 300w, https:\/\/www.traitdunionmag.com\/wp-content\/uploads\/2019\/10\/TU110P11NewAdAWA-768x494.jpg 768w, https:\/\/www.traitdunionmag.com\/wp-content\/uploads\/2019\/10\/TU110P11NewAdAWA.jpg 1772w\" sizes=\"auto, (max-width: 800px) 100vw, 800px\" \/><\/p>\n<p>(* il existe un autre num\u00e9ro d\u2019\u00e9coute, que vous soyez victime ou proche de victimes d\u2019une infraction (y compris violences conjugales) ou d\u2019une catastrophe naturelle, le 116 006 est le num\u00e9ro gratuit \u00e0 votre disposition. En dehors de la France m\u00e9tropolitaine, le num\u00e9ro d\u2019aide aux victimes est joignable au\u00a0+33 (0)1 80 52 33 76\u00a0(n\u00b0 non surtax\u00e9). France Victimes met \u00e9galement \u00e0 disposition des victimes une adresse mail : victimes@france-victimes.fr\u00a0).<\/p>\n","protected":false},"excerpt":{"rendered":"<p>En septembre dernier le gouvernement fran\u00e7ais a lanc\u00e9 un \u00ab\u00a0Grenelle des violences conjugales\u00a0\u00bb. Plusieurs r\u00e9unions de travail, associant des repr\u00e9sentants<\/p>\n","protected":false},"author":9,"featured_media":4974,"comment_status":"closed","ping_status":"closed","sticky":false,"template":"","format":"standard","meta":{"_exactmetrics_skip_tracking":false,"_exactmetrics_sitenote_active":false,"_exactmetrics_sitenote_note":"","_exactmetrics_sitenote_category":0,"footnotes":""},"categories":[47,48],"tags":[],"class_list":["post-4972","post","type-post","status-publish","format-standard","has-post-thumbnail","hentry","category-education","category-tranche-de-vie"],"_links":{"self":[{"href":"https:\/\/www.traitdunionmag.com\/index.php?rest_route=\/wp\/v2\/posts\/4972","targetHints":{"allow":["GET"]}}],"collection":[{"href":"https:\/\/www.traitdunionmag.com\/index.php?rest_route=\/wp\/v2\/posts"}],"about":[{"href":"https:\/\/www.traitdunionmag.com\/index.php?rest_route=\/wp\/v2\/types\/post"}],"author":[{"embeddable":true,"href":"https:\/\/www.traitdunionmag.com\/index.php?rest_route=\/wp\/v2\/users\/9"}],"replies":[{"embeddable":true,"href":"https:\/\/www.traitdunionmag.com\/index.php?rest_route=%2Fwp%2Fv2%2Fcomments&post=4972"}],"version-history":[{"count":1,"href":"https:\/\/www.traitdunionmag.com\/index.php?rest_route=\/wp\/v2\/posts\/4972\/revisions"}],"predecessor-version":[{"id":4976,"href":"https:\/\/www.traitdunionmag.com\/index.php?rest_route=\/wp\/v2\/posts\/4972\/revisions\/4976"}],"wp:featuredmedia":[{"embeddable":true,"href":"https:\/\/www.traitdunionmag.com\/index.php?rest_route=\/wp\/v2\/media\/4974"}],"wp:attachment":[{"href":"https:\/\/www.traitdunionmag.com\/index.php?rest_route=%2Fwp%2Fv2%2Fmedia&parent=4972"}],"wp:term":[{"taxonomy":"category","embeddable":true,"href":"https:\/\/www.traitdunionmag.com\/index.php?rest_route=%2Fwp%2Fv2%2Fcategories&post=4972"},{"taxonomy":"post_tag","embeddable":true,"href":"https:\/\/www.traitdunionmag.com\/index.php?rest_route=%2Fwp%2Fv2%2Ftags&post=4972"}],"curies":[{"name":"wp","href":"https:\/\/api.w.org\/{rel}","templated":true}]}}