{"id":4772,"date":"2019-09-27T17:00:54","date_gmt":"2019-09-27T16:00:54","guid":{"rendered":"http:\/\/www.traitdunionmag.com\/?p=4772"},"modified":"2019-12-04T13:35:30","modified_gmt":"2019-12-04T12:35:30","slug":"des-nouvelles-de-tara","status":"publish","type":"post","link":"https:\/\/www.traitdunionmag.com\/?p=4772","title":{"rendered":"Des nouvelles de Tara"},"content":{"rendered":"<p><em><strong>D\u00e8s ce mois-ci, Trait-d\u2019Union s\u2019engage \u00e0 soutenir la Fondation Tara Oc\u00e9an en partageant r\u00e9guli\u00e8rement des nouvelles de l\u2019ONG scientifique fran\u00e7aise, qui \u0153uvre depuis plus de quinze ans sur la connaissance des oc\u00e9ans, afin de pr\u00e9dire, anticiper et mieux g\u00e9rer les risques climatiques. Une page permettant de mieux comprendre le travail effectu\u00e9, suivi de quelques questions \u00e0 l\u2019\u00e9quipe.<\/strong><\/em><\/p>\n<p>Par Isabelle Chabrat, avec la Fondation Tara Oc\u00e9an<\/p>\n<p>Lors de la pr\u00e9c\u00e9dente exp\u00e9dition dans le Pacifique, d\u00e9di\u00e9e \u00e0 l\u2019\u00e9tude des coraux, la go\u00e9lette avait fait escale \u00e0 Hong-Kong en mars 2018 pour une dizaine de jours. Sensibiliser et \u00e9duquer les jeunes g\u00e9n\u00e9rations \u00e9tant au c\u0153ur du projet de la fondation, plus de 700 \u00e9l\u00e8ves avaient eu l\u2019occasion de monter \u00e0 bord pour d\u00e9couvrir l\u2019univers passionnant qu\u2019offre ce laboratoire scientifique flottant.<br \/>\nDepuis le printemps, la Fondation Tara Oc\u00e9an a lanc\u00e9 une nouvelle mission \u00ab\u00a0Microplastiques 2019, aux origines de la pollution plastique\u00a0\u00bb, dont le volet scientifique est coordonn\u00e9 par le CNRS.<br \/>\nD\u2019o\u00f9 viennent les d\u00e9chets plastiques\u00a0? Sous quelles formes arrivent-ils en mer\u00a0? O\u00f9 faut-il concentrer nos efforts pour stopper leurs flux\u00a0? Quels impacts ont-ils sur la biodiversit\u00e9 marine et le vivant\u00a0?<br \/>\nAujourd\u2019hui, on estime que 80\u00a0% des d\u00e9chets plastiques en mer sont d\u2019origine terrestre. Pluie ruisselant sur les routes, caniveaux, lacs, rivi\u00e8res ou fleuves sont autant de vecteurs des d\u00e9chets produits par chacun d\u2019entre nous qui finissent par se retrouver dans l\u2018oc\u00e9an. Pour la fondation, il est urgent d\u2019explorer et d\u00e9crire ces fuites vers la mer pour mieux endiguer cette \u00abh\u00e9morragie\u00bb.<br \/>\nHabitu\u00e9e \u00e0 parcourir les mers, c\u2019est donc cette fois en amont que la go\u00e9lette a pr\u00e9vu de travailler avec les \u00e9quipes scientifiques, en pratiquant des \u00e9chantillonnages sur 10 des 15 principaux fleuves d\u2019Europe : la Tamise, l\u2019Elbe, le Rhin, la Seine, la Loire, la Garonne et le Rh\u00f4ne, le Tage, l\u2019Ebre et le Tibre.<br \/>\nDeux objectifs principaux :<\/p>\n<p>\u2022 Identifier les sources de pollution, comprendre leur fragmentation dans les fleuves et pr\u00e9dire leur dispersion vers l\u2019oc\u00e9an<br \/>\n\u2022 Comprendre leurs impacts sur la biodiversit\u00e9 marine et leurs effets sur la cha\u00eene\u00a0alimentaire<\/p>\n<p><img loading=\"lazy\" decoding=\"async\" class=\"aligncenter wp-image-4835 size-medium\" src=\"http:\/\/www.traitdunionmag.com\/wp-content\/uploads\/2019\/09\/TU109P21-300x207.jpg\" alt=\"\" width=\"300\" height=\"207\" srcset=\"https:\/\/www.traitdunionmag.com\/wp-content\/uploads\/2019\/09\/TU109P21-300x207.jpg 300w, https:\/\/www.traitdunionmag.com\/wp-content\/uploads\/2019\/09\/TU109P21-768x531.jpg 768w, https:\/\/www.traitdunionmag.com\/wp-content\/uploads\/2019\/09\/TU109P21-1024x708.jpg 1024w, https:\/\/www.traitdunionmag.com\/wp-content\/uploads\/2019\/09\/TU109P21-392x272.jpg 392w, https:\/\/www.traitdunionmag.com\/wp-content\/uploads\/2019\/09\/TU109P21-130x90.jpg 130w, https:\/\/www.traitdunionmag.com\/wp-content\/uploads\/2019\/09\/TU109P21.jpg 1181w\" sizes=\"auto, (max-width: 300px) 100vw, 300px\" \/><\/p>\n<p>\u00ab\u00a0La mission microplastiques 2019\u00a0 va contribuer \u00e0 la recherche fondamentale, comme l\u2019ensemble des exp\u00e9ditions men\u00e9es par la fondation, mais celle-ci comporte un enjeu soci\u00e9tal fort, dont toutes les g\u00e9n\u00e9rations doivent s\u2019emparer \u00e0 pr\u00e9sent pour changer notre rapport aux ressources, \u00e0 leur pr\u00e9servation, et \u00e0\u00a0tr\u00e8s court\u00a0terme changer de mode de consommation, de production\u00a0\u00bb, explique Romain Troubl\u00e9, directeur g\u00e9n\u00e9ral de la Fondation Tara Oc\u00e9an.<br \/>\nDepuis les premiers pr\u00e9l\u00e8vements \u00e0 Londres d\u00e9but juin 2019, la go\u00e9lette a d\u00e9j\u00e0 effectu\u00e9 une bonne partie du trajet avec des \u00e9tapes phares comme Hambourg, Brest, Rome ou Marseille. Elle finira sa boucle par un retour pr\u00e9vu \u00e0 Lorient, son port d\u2019attache, le 23 novembre. D\u2019ici-l\u00e0, n\u2019h\u00e9sitez pas \u00e0 suivre son parcours en live sur : www. fondationtaraocean.org<\/p>\n<p>&nbsp;<\/p>\n<p>Trait d\u2019Union : <em>Quel souvenir gardez-vous de votre passage \u00e0 Hong-Kong\u00a0?<\/em><br \/>\nFondation Tara Oc\u00e9an\u00a0: <em>La rencontre avec Hong-Kong a \u00e9t\u00e9 m\u00e9morable, cette escale nous a permis de partager des enjeux avec le jeune public, avec les m\u00e9dias, et bien sur avec les scientifiques d\u2019Hong-Kong University (HKU) \u2026 Un temps fort a \u00e9t\u00e9 le nettoyage de plage men\u00e9 par Sous les d\u00e9chets la plage\u00a0: les marins de Tara ont pu se joindre \u00e0 un mouvement citoyen tr\u00e8s engag\u00e9, tr\u00e8s organis\u00e9, c\u2019est un signal fort, on se dit que les choses bougent, m\u00eame si le chemin est encore long pour une v\u00e9ritable transition plastique, on avance\u00a0!<\/em><\/p>\n<p><img loading=\"lazy\" decoding=\"async\" class=\"aligncenter wp-image-4836 size-medium\" src=\"http:\/\/www.traitdunionmag.com\/wp-content\/uploads\/2019\/09\/TU109P22-300x225.jpg\" alt=\"\" width=\"300\" height=\"225\" srcset=\"https:\/\/www.traitdunionmag.com\/wp-content\/uploads\/2019\/09\/TU109P22-300x225.jpg 300w, https:\/\/www.traitdunionmag.com\/wp-content\/uploads\/2019\/09\/TU109P22-768x576.jpg 768w, https:\/\/www.traitdunionmag.com\/wp-content\/uploads\/2019\/09\/TU109P22-1024x768.jpg 1024w, https:\/\/www.traitdunionmag.com\/wp-content\/uploads\/2019\/09\/TU109P22.jpg 1181w\" sizes=\"auto, (max-width: 300px) 100vw, 300px\" \/><\/p>\n<p>Avez-vous obtenu des r\u00e9sultats particuli\u00e8rement significatifs sur les pr\u00e9l\u00e8vements de coraux effectu\u00e9s dans la zone\u00a0?<br \/>\n<em>Il est encore un peu t\u00f4t pour parler de r\u00e9sultats. Mais il est apparu tr\u00e8s nettement que la \u00ab\u00a0rivi\u00e8re des perles\u00a0\u00bb et la pollution qu\u2019elle draine ont un impact fort sur la biodiversit\u00e9 corallienne. HKU y travaille depuis quelques temps d\u00e9j\u00e0. Avec plus de sept millions d\u2019habitants, Hong-Kong est une r\u00e9gion tr\u00e8s dens\u00e9ment urbanis\u00e9e. A proximit\u00e9, la \u00ab\u00a0rivi\u00e8re des perles\u00a0\u00bb rejette d\u2019importants volumes d\u2019eaux us\u00e9es, issues de la plus grande zone urbaine au monde en taille et en population. Dans le delta, les habitats marins subissent la tr\u00e8s forte pression des activit\u00e9s humaines (d\u00e9veloppement rapide du littoral, surexploitation et pollution). Un niveau \u00e9lev\u00e9 de nutriments, une eau trouble, des d\u00e9chets plastiques omnipr\u00e9sents, associ\u00e9s \u00e0 une exploitation extensive, ont entra\u00een\u00e9 la d\u00e9gradation des r\u00e9cifs. Squelettes de coraux largement \u00e9rod\u00e9s, abondance de maladies, quasi absence de poissons, la diversit\u00e9 corallienne y est tr\u00e8s basse. Mais par rapport aux autres r\u00e9gions, les coraux semblent jusqu\u2019\u00e0 pr\u00e9sent peu touch\u00e9s par la hausse des temp\u00e9ratures. <\/em><br \/>\n<em>Aujourd\u2019hui donc, les tr\u00e8s peu nombreux coraux de Hong-Kong sont consid\u00e9r\u00e9s comme particuli\u00e8rement r\u00e9sistants. Toutefois, bien que faisant figure de r\u00e9sistante du Pacifique la biodiversit\u00e9 marine y est devenue tr\u00e8s pauvre.<\/em><\/p>\n<p>&nbsp;<\/p>\n<p><img loading=\"lazy\" decoding=\"async\" class=\"aligncenter wp-image-4837 size-medium\" src=\"http:\/\/www.traitdunionmag.com\/wp-content\/uploads\/2019\/09\/TU109P24-300x74.jpg\" alt=\"\" width=\"300\" height=\"74\" srcset=\"https:\/\/www.traitdunionmag.com\/wp-content\/uploads\/2019\/09\/TU109P24-300x74.jpg 300w, https:\/\/www.traitdunionmag.com\/wp-content\/uploads\/2019\/09\/TU109P24-768x190.jpg 768w, https:\/\/www.traitdunionmag.com\/wp-content\/uploads\/2019\/09\/TU109P24.jpg 827w\" sizes=\"auto, (max-width: 300px) 100vw, 300px\" \/><\/p>\n","protected":false},"excerpt":{"rendered":"<p>D\u00e8s ce mois-ci, Trait-d\u2019Union s\u2019engage \u00e0 soutenir la Fondation Tara Oc\u00e9an en partageant r\u00e9guli\u00e8rement des nouvelles de l\u2019ONG scientifique fran\u00e7aise,<\/p>\n","protected":false},"author":9,"featured_media":4836,"comment_status":"closed","ping_status":"closed","sticky":false,"template":"","format":"standard","meta":{"_exactmetrics_skip_tracking":false,"_exactmetrics_sitenote_active":false,"_exactmetrics_sitenote_note":"","_exactmetrics_sitenote_category":0,"footnotes":""},"categories":[17,55,16],"tags":[],"class_list":["post-4772","post","type-post","status-publish","format-standard","has-post-thumbnail","hentry","category-chronique","category-environnement","category-infos-regionales"],"_links":{"self":[{"href":"https:\/\/www.traitdunionmag.com\/index.php?rest_route=\/wp\/v2\/posts\/4772","targetHints":{"allow":["GET"]}}],"collection":[{"href":"https:\/\/www.traitdunionmag.com\/index.php?rest_route=\/wp\/v2\/posts"}],"about":[{"href":"https:\/\/www.traitdunionmag.com\/index.php?rest_route=\/wp\/v2\/types\/post"}],"author":[{"embeddable":true,"href":"https:\/\/www.traitdunionmag.com\/index.php?rest_route=\/wp\/v2\/users\/9"}],"replies":[{"embeddable":true,"href":"https:\/\/www.traitdunionmag.com\/index.php?rest_route=%2Fwp%2Fv2%2Fcomments&post=4772"}],"version-history":[{"count":3,"href":"https:\/\/www.traitdunionmag.com\/index.php?rest_route=\/wp\/v2\/posts\/4772\/revisions"}],"predecessor-version":[{"id":4929,"href":"https:\/\/www.traitdunionmag.com\/index.php?rest_route=\/wp\/v2\/posts\/4772\/revisions\/4929"}],"wp:featuredmedia":[{"embeddable":true,"href":"https:\/\/www.traitdunionmag.com\/index.php?rest_route=\/wp\/v2\/media\/4836"}],"wp:attachment":[{"href":"https:\/\/www.traitdunionmag.com\/index.php?rest_route=%2Fwp%2Fv2%2Fmedia&parent=4772"}],"wp:term":[{"taxonomy":"category","embeddable":true,"href":"https:\/\/www.traitdunionmag.com\/index.php?rest_route=%2Fwp%2Fv2%2Fcategories&post=4772"},{"taxonomy":"post_tag","embeddable":true,"href":"https:\/\/www.traitdunionmag.com\/index.php?rest_route=%2Fwp%2Fv2%2Ftags&post=4772"}],"curies":[{"name":"wp","href":"https:\/\/api.w.org\/{rel}","templated":true}]}}