{"id":1784,"date":"2016-11-04T18:30:25","date_gmt":"2016-11-04T17:30:25","guid":{"rendered":"http:\/\/www.traitdunionmag.com\/?p=1784"},"modified":"2016-11-25T03:10:24","modified_gmt":"2016-11-25T02:10:24","slug":"primaire-de-la-droite-et-du-centre-interview-avec-nicolas-sarkozy","status":"publish","type":"post","link":"https:\/\/www.traitdunionmag.com\/?p=1784","title":{"rendered":"Primaire de la droite et du centre: Interview de Nicolas Sarkozy"},"content":{"rendered":"<p style=\"text-align: center;\"><b id=\"m_6061954238011397939yui_3_16_0_ym19_1_1478063755567_17740\"><span id=\"m_6061954238011397939yui_3_16_0_ym19_1_1478063755567_17741\" lang=\"EN-US\">Les 20 et 27 novembre prochains, <span id=\"m_6061954238011397939yui_3_16_0_ym19_1_1478063755567_17742\">primaire de la droite et du centre<\/span><\/span><\/b><\/p>\n<div id=\"m_6061954238011397939yui_3_16_0_ym19_1_1478063755567_17765\">\n<div id=\"m_6061954238011397939yui_3_16_0_ym19_1_1478063755567_17744\" align=\"center\"><span id=\"m_6061954238011397939yui_3_16_0_ym19_1_1478063755567_17745\" lang=\"EN-US\">Exclusif : Interview des candidats dans Trait d\u2019Union.<u><\/u><u><\/u><\/span><\/div>\n<div id=\"m_6061954238011397939yui_3_16_0_ym19_1_1478063755567_17747\"><span id=\"m_6061954238011397939yui_3_16_0_ym19_1_1478063755567_17748\" lang=\"EN-US\"><u><\/u>\u00a0<u><\/u><\/span><\/div>\n<div id=\"m_6061954238011397939yui_3_16_0_ym19_1_1478063755567_17750\"><em><span id=\"m_6061954238011397939yui_3_16_0_ym19_1_1478063755567_17751\" lang=\"EN-US\">Les partis de la droite r\u00e9publicaine fran\u00e7aise organisent une primaire afin de s\u00e9lectionner le candidat de la droite et du centre \u00e0 l\u2019\u00e9lection pr\u00e9sidentielle de 2017.<\/span><\/em><\/div>\n<div><\/div>\n<div id=\"m_6061954238011397939yui_3_16_0_ym19_1_1478063755567_17753\"><em><span id=\"m_6061954238011397939yui_3_16_0_ym19_1_1478063755567_17754\" lang=\"EN-US\">Une premi\u00e8re pour les partis de droite, prenant exemple sur le parti socialiste qui avait ouvert la voie en 2011 d\u00e9signant ainsi un candidat commun pour la course \u00e0 l\u2019Elys\u00e9e de 2012.<\/span><\/em><\/div>\n<div><\/div>\n<div id=\"m_6061954238011397939yui_3_16_0_ym19_1_1478063755567_17756\"><em><span id=\"m_6061954238011397939yui_3_16_0_ym19_1_1478063755567_17757\" lang=\"EN-US\">Tous les candidats, ils sont au nombre de sept, ont pris l\u2019engagement de soutenir celle ou celui qui sera d\u00e9sign\u00e9 \u00e0 l\u2019issue de ce scrutin. Vote ouvert \u00e0 tous, \u00e0 la condition de s&rsquo;\u00eatre pr\u00e9alablement inscrit sur le site des primaires (l&rsquo;inscription \u00e9tait jusqu&rsquo;au 16 octobre), de s\u2019acquitter de deux euros par tour et de signer une charte, indiquant partager les \u00ab\u00a0valeurs r\u00e9publicaines de la droite et du centre\u00a0\u00bb, et s\u2019engageant \u00e0 soutenir \u00ab\u00a0l\u2019alternance afin de r\u00e9ussir le redressement de la France\u00a0\u00bb, cette primaire dont l\u2019organisation co\u00fbtera environ 8 millions d\u2019euros, devrait s\u2019autofinancer \u00e0 partir de 2 millions de participants. Environ 60.000 Fran\u00e7ais de l\u2019\u00e9tranger se sont inscrits pour y participer dont pr\u00e8s de 1.200 Fran\u00e7ais de Hong-Kong et 1.100 de Chine continentale.<\/span><\/em><\/div>\n<div><\/div>\n<div id=\"m_6061954238011397939yui_3_16_0_ym19_1_1478063755567_17759\"><em><span id=\"m_6061954238011397939yui_3_16_0_ym19_1_1478063755567_17760\" lang=\"EN-US\">D\u00e9sireux de toucher la communaut\u00e9 fran\u00e7aise \u00e9tablie hors de France, six des sept candidats ont accept\u00e9 de r\u00e9pondre \u00e0 nos questions.<\/span><\/em><\/div>\n<div><\/div>\n<div id=\"m_6061954238011397939yui_3_16_0_ym19_1_1478063755567_17762\"><em>Aujourd&rsquo;hui retrouvez l&rsquo;interview de Nicolas Sarkozy.<\/em><\/div>\n<\/div>\n<p class=\"p1\"><a href=\"http:\/\/www.primaire2016.org\"><b>www.sarkozy.fr<\/b><\/a><\/p>\n<p class=\"p3\"><b>Trait d\u2019Union\u00a0: Quelle est votre d\u00e9finition du Fran\u00e7ais de l\u2019\u00e9tranger\u00a0?<\/b><\/p>\n<p class=\"p3\"><span class=\"s1\"><b>Nicolas Sarkozy\u00a0<\/b><\/span>: Je consid\u00e8re que chacun de nos compatriotes install\u00e9s \u00e0 l\u2019\u00e9tranger est un ambassadeur de notre pays. C\u2019est une grande responsabilit\u00e9. Pour cette raison, nous devons \u00eatre \u00e0 leurs c\u00f4t\u00e9s et les accompagner dans cette mission, celle de porter haut nos couleurs dans le monde. C\u2019est la raison pour laquelle j\u2019avais voulu cr\u00e9er un secr\u00e9tariat d\u2019Etat des Fran\u00e7ais de l\u2019Etranger aupr\u00e8s du ministre des Affaires \u00e9trang\u00e8res pour marquer cet int\u00e9r\u00eat, et qu\u2019ils soient repr\u00e9sent\u00e9s par onze d\u00e9put\u00e9s. Mais un Fran\u00e7ais de l\u2019\u00e9tranger, c\u2019est aussi une personne qui est pr\u00e9occup\u00e9e par l\u2019\u00e9ducation de ses enfants, qui est confront\u00e9e \u00e0 la complexit\u00e9 administrative fran\u00e7aise, d\u00e8s lors qu\u2019il souhaite revenir en France. Il nous faut apporter des r\u00e9ponses concr\u00e8tes.<\/p>\n<p class=\"p3\"><b>Pr\u00e9sident de la R\u00e9publique pendant cinq ans que proposez-vous de diff\u00e9rent\u00a0?<\/b><\/p>\n<p class=\"p3\">La question, aujourd\u2019hui, est celle de la confiance, pas de susciter un espoir fictif. Peut-on encore faire confiance, et \u00e0 qui\u00a0? C\u2019est cette question qui sera centrale, trouver les mots qui permettront aux Fran\u00e7ais de dire\u00a0: celui-l\u00e0 pose enfin le bon diagnostic, il a compris les difficult\u00e9s que nous vivons au quotidien, il est donc capable d\u2019apporter les r\u00e9ponses. Si l\u2019on ne fait pas le bon diagnostic, si l\u2019on n\u2019est pas capable de d\u00e9crire la r\u00e9alit\u00e9 dans laquelle vivent les Fran\u00e7ais, comment apporter la r\u00e9ponse ad\u00e9quate\u00a0?<\/p>\n<p class=\"p3\">Je suis convaincu qu\u2019il est imp\u00e9ratif de tout dire avant pour pouvoir tout faire apr\u00e8s l\u2019\u00e9lection. Tout pour la France est un serment r\u00e9publicain, c\u2019est un pacte. Il m\u2019engage d\u00e8s aujourd\u2019hui comme il m\u2019engagera pour les cinq ans du prochain quinquennat. Aujourd\u2019hui, face \u00e0 la d\u00e9fiance \u00e0 l\u2019endroit de la parole politique, l\u2019\u00e9crit est la meilleure fa\u00e7on de donner une cr\u00e9dibilit\u00e9.<\/p>\n<p class=\"p3\"><b>Des regrets\u00a0sur vos cinq ann\u00e9es de pr\u00e9sidence\u00a0?<\/b><\/p>\n<p class=\"p3\">L\u2019autonomie des universit\u00e9s, les heures suppl\u00e9mentaires d\u00e9fiscalis\u00e9es, la r\u00e9forme des retraites \u00e0 62 ans de 2010, la suppression de 150.000 postes de fonctionnaires, les peines planchers pour les d\u00e9linquants multir\u00e9cidivistes, le service minimum dans les transports, l\u2019interdiction du voile int\u00e9gral, la r\u00e9forme des r\u00e9gimes sp\u00e9ciaux de retraite, la suppression des droits de succession, contrastent fortement avec l\u2019\u00e9chec de la politique de Fran\u00e7ois Hollande depuis 2012.<\/p>\n<p class=\"p3\">Je voudrais rappeler une r\u00e9alit\u00e9\u00a0: pendant les cinq ann\u00e9es de mon quinquennat, j\u2019ai toujours eu comme seules ambitions la r\u00e9ussite de notre pays et prot\u00e9ger les Fran\u00e7ais. La crise \u00e9conomique et financi\u00e8re de 2008 \u2013 la pire de l\u2019apr\u00e8s-guerre, je tiens \u00e0 le rappeler \u2013 nous a contraint \u00e0 adapter notre action. A la t\u00eate de l\u2019Etat, j\u2019ai pris des d\u00e9cisions qui ont permis \u00e0 la France de s\u2019en sortir mieux que ses voisins europ\u00e9ens face au cataclysme auquel \u00e9tait confront\u00e9 l\u2019ensemble du monde. Bien s\u00fbr, j\u2019ai r\u00e9fl\u00e9chi \u00e0 l\u2019insatisfaction des Fran\u00e7ais et je peux la comprendre. C\u2019est pr\u00e9cis\u00e9ment parce que j\u2019ai regard\u00e9 le pass\u00e9 avec lucidit\u00e9 que je sais exactement ce qu\u2019il faut faire \u00e0 l\u2019avenir.<\/p>\n<p class=\"p3\"><b>Quelles seront vos mesures prioritaires pour le pays\u00a0?<\/b><\/p>\n<p class=\"p3\">Le retour de l\u2019autorit\u00e9, la d\u00e9fense sans faille de la R\u00e9publique, le vote d\u00e8s l\u2019\u00e9t\u00e9 2017 des mesures essentielles pour cesser d\u2019\u00eatre les champions europ\u00e9ens des imp\u00f4ts et des d\u00e9penses publiques, la pr\u00e9servation de notre identit\u00e9, et surtout r\u00e9pondre \u00e0 la r\u00e9alit\u00e9 du quotidien des Fran\u00e7ais. Depuis 2012, 50 milliards de pr\u00e9l\u00e8vements obligatoires suppl\u00e9mentaires ont \u00e9t\u00e9 vot\u00e9s par les socialistes ! La France est devenue la championne de l\u2019OCDE des pr\u00e9l\u00e8vements obligatoires.<\/p>\n<p class=\"p3\">Les socialistes, eux, ont fait le choix de la d\u00e9pense publique. Et tout cela, c\u2019est bien s\u00fbr avec l\u2019argent des Fran\u00e7ais. Et cela, ils l\u2019ont fait payer aux Fran\u00e7ais, y compris \u00e0 l\u2019\u00e9tranger. Ils ont soumis les non-r\u00e9sidents fiscaux aux pr\u00e9l\u00e8vements sociaux sur les revenus du patrimoine, c\u2019est-\u00e0-dire des pr\u00e9l\u00e8vements sociaux pay\u00e9s par des Fran\u00e7ais n\u2019habitant pas en France et ne profitant m\u00eame pas de notre syst\u00e8me social ! Il est urgent de mettre un terme \u00e0 cette d\u00e9cision en contradiction avec la jurisprudence europ\u00e9enne. Pour les remboursements de ce qui a \u00e9t\u00e9 per\u00e7u \u00e0 tort, je propose que les moyens soient red\u00e9ploy\u00e9s pour que lorsqu\u2019on est en droit d\u2019obtenir un remboursement il ne faille pas attendre des mois ou des ann\u00e9es. Il n\u2019y a pas de raison pour que, quand il s\u2019agit de taxer davantage, on sache trouver rapidement des solutions et jamais quand il s\u2019agit de rembourser !<\/p>\n<p class=\"p3\">L\u2019imp\u00f4t doit reposer sur la territorialit\u00e9 et non sur la nationalit\u00e9. Seul doit \u00eatre pris en compte le lieu de r\u00e9sidence. Je veux dire par l\u00e0 qu\u2019il n\u2019y a aucune raison qu\u2019un Fran\u00e7ais qui ne b\u00e9n\u00e9ficie pas de notre syst\u00e8me social doive en assurer le financement. Par ailleurs, la France fait face \u00e0 un d\u00e9ficit de comp\u00e9titivit\u00e9 absolument consid\u00e9rable par rapport \u00e0 ses partenaires europ\u00e9ens, au premier rang desquels se trouve l\u2019Allemagne. Dans les premiers mois du quinquennat, d\u00e8s l\u2019\u00e9t\u00e9 2017, je ferai voter simultan\u00e9ment le contrechoc fiscal de 40 milliards d\u2019euros \u00e0 destination des m\u00e9nages et des entreprises, ainsi que les mesures qui produiront 100 milliards d\u2019euros d\u2019\u00e9conomies de d\u00e9penses publiques cumul\u00e9es sur toute la dur\u00e9e du quinquennat.<\/p>\n<p class=\"p3\"><b>Et pour les Fran\u00e7ais de l\u2019\u00e9tranger\u00a0?<\/b><\/p>\n<p class=\"p3\">J\u2019ai \u00e9t\u00e9 particuli\u00e8rement frapp\u00e9 par la d\u00e9cision de Fran\u00e7ois Hollande de mettre un terme \u00e0 la gratuit\u00e9 des \u00e9tablissements fran\u00e7ais \u00e0 l\u2019\u00e9tranger que j\u2019avais souhait\u00e9 pour la rentr\u00e9e scolaire 2009. D\u00e9cision excluant de facto, des ces \u00e9tablissements, les enfants des plus modestes de nos compatriotes. Les \u00e9coles fran\u00e7aises sont pourtant le maillon d\u2019un dispositif qui permet de maintenir le lien avec la France tout au long de l\u2019expatriation.<\/p>\n<p class=\"p3\">Je propose de revenir sur cette erreur majeure du quinquennat\u00a0: toutes les familles fran\u00e7aises qui scolarisent leurs enfants dans un \u00e9tablissement public fran\u00e7ais doivent \u00eatre trait\u00e9es de la m\u00eame fa\u00e7on en France ou \u00e0 l\u2019\u00e9tranger. Il faudra r\u00e9tablir la prise en charge des frais de scolarit\u00e9 \u00e9tal\u00e9e sur 4 ans, sur l\u2019ensemble de la scolarit\u00e9 \u00e9l\u00e9mentaire et secondaire, en commen\u00e7ant, d\u00e8s 2017, par le CP, la 6eme et la terminale. Dans le m\u00eame temps, je veux revoir le syst\u00e8me de bourses scolaires.<\/p>\n<p class=\"p3\">Par ailleurs, il est temps de cr\u00e9er le rectorat des Fran\u00e7ais de l\u2019\u00e9tranger qui d\u00e9pendra du minist\u00e8re de l\u2019Education nationale. Il sera en charge de la r\u00e9partition des moyens et des affectations des enseignants, aujourd\u2019hui d\u00e9faillant, car les rectorats de France sont toujours prioritaires dans les affectations de rentr\u00e9e.<\/p>\n<p class=\"p3\">Il nous faut enfin aborder la question du d\u00e9part et du retour en France. Nous devons poursuivre nos efforts pour aller vers un v\u00e9ritable service public d\u2019accompagnement de l\u2019expatriation et de la r\u00e9insertion, afin qu\u2019une personne ou une famille puisse aborder ces changements, importants dans une vie, sans subir un traumatisme. Je souhaite que nous puissions regrouper en un seul service l\u2019ensemble des d\u00e9marches demand\u00e9es par les administrations, afin de simplifier au maximum la charge administrative qui p\u00e8se sur vous. A l\u2019heure du virage num\u00e9rique, l\u2019administration consulaire et la s\u00e9curit\u00e9 sociale doivent saisir cette opportunit\u00e9 de simplification.<\/p>\n<p class=\"p3\"><b>Quel message souhaitez-vous adresser aux Fran\u00e7ais de l\u2019\u00e9tranger\u00a0?<\/b><\/p>\n<p class=\"p3\">Je veux dire \u00e0 nos compatriotes de l\u2019\u00e9tranger qu\u2019ils sont une composante essentielle de la communaut\u00e9 nationale. Je veux leur dire que mon seul sujet c\u2019est la France. Un pays qui a r\u00e9ussi de tr\u00e8s grandes choses, et qui peut en r\u00e9ussir de plus grandes encore. Elle m\u00e9rite qu\u2019on lui donne tout. C\u2019est ce que je m\u2019engage \u00e0 faire.<\/p>\n<p class=\"p3\">* Pour toutes informations sur l\u2019organisation de la primaire\u00a0: <a href=\"http:\/\/www.primaire2016.org\">www.primaire2016.org<\/a><\/p>\n<p class=\"p3\"><a href=\"http:\/\/www.traitdunionmag.com\/interview-avec-jean-francois-cope\/\">Interview avec Jean-Fran\u00e7ois Cop\u00e9<\/a><\/p>\n<p class=\"p3\"><a href=\"http:\/\/www.traitdunionmag.com\/interview-avec-francois-fillon\/\">Interview avec Fran\u00e7ois Fillon<\/a><\/p>\n<p class=\"p3\"><a href=\"http:\/\/www.traitdunionmag.com\/primaire-de-la-droite-et-du-centre-interview-avec-alain-juppe\/\">Interview avec Alain Jupp\u00e9<\/a><\/p>\n<p><a href=\"http:\/\/www.traitdunionmag.com\/primaire-de-la-droite-et-du-centre-interview-avec-nathalie-kosciusko-morizet\/\">Interview avec\u00a0\u00a0Nathalie Kosciusko-Morizet<\/a><\/p>\n<p>Interview avec <a href=\"http:\/\/www.traitdunionmag.com\/primaire-de-la-droite-et-du-centre-interview-avec-bruno-lemaire\/\">Bruno Lemaire<\/a><\/p>\n<p>&nbsp;<\/p>\n","protected":false},"excerpt":{"rendered":"<p>Les 20 et 27 novembre prochains, primaire de la droite et du centre Exclusif : Interview des candidats dans Trait<\/p>\n","protected":false},"author":9,"featured_media":1740,"comment_status":"closed","ping_status":"closed","sticky":false,"template":"","format":"standard","meta":{"_exactmetrics_skip_tracking":false,"_exactmetrics_sitenote_active":false,"_exactmetrics_sitenote_note":"","_exactmetrics_sitenote_category":0,"footnotes":""},"categories":[37],"tags":[],"class_list":["post-1784","post","type-post","status-publish","format-standard","has-post-thumbnail","hentry","category-evenement"],"_links":{"self":[{"href":"https:\/\/www.traitdunionmag.com\/index.php?rest_route=\/wp\/v2\/posts\/1784","targetHints":{"allow":["GET"]}}],"collection":[{"href":"https:\/\/www.traitdunionmag.com\/index.php?rest_route=\/wp\/v2\/posts"}],"about":[{"href":"https:\/\/www.traitdunionmag.com\/index.php?rest_route=\/wp\/v2\/types\/post"}],"author":[{"embeddable":true,"href":"https:\/\/www.traitdunionmag.com\/index.php?rest_route=\/wp\/v2\/users\/9"}],"replies":[{"embeddable":true,"href":"https:\/\/www.traitdunionmag.com\/index.php?rest_route=%2Fwp%2Fv2%2Fcomments&post=1784"}],"version-history":[{"count":4,"href":"https:\/\/www.traitdunionmag.com\/index.php?rest_route=\/wp\/v2\/posts\/1784\/revisions"}],"predecessor-version":[{"id":1803,"href":"https:\/\/www.traitdunionmag.com\/index.php?rest_route=\/wp\/v2\/posts\/1784\/revisions\/1803"}],"wp:featuredmedia":[{"embeddable":true,"href":"https:\/\/www.traitdunionmag.com\/index.php?rest_route=\/wp\/v2\/media\/1740"}],"wp:attachment":[{"href":"https:\/\/www.traitdunionmag.com\/index.php?rest_route=%2Fwp%2Fv2%2Fmedia&parent=1784"}],"wp:term":[{"taxonomy":"category","embeddable":true,"href":"https:\/\/www.traitdunionmag.com\/index.php?rest_route=%2Fwp%2Fv2%2Fcategories&post=1784"},{"taxonomy":"post_tag","embeddable":true,"href":"https:\/\/www.traitdunionmag.com\/index.php?rest_route=%2Fwp%2Fv2%2Ftags&post=1784"}],"curies":[{"name":"wp","href":"https:\/\/api.w.org\/{rel}","templated":true}]}}