{"id":11660,"date":"2026-09-04T08:31:45","date_gmt":"2026-09-04T07:31:45","guid":{"rendered":"https:\/\/www.traitdunionmag.com\/?p=11660"},"modified":"2026-09-04T08:32:01","modified_gmt":"2026-09-04T07:32:01","slug":"a-hong-kong-la-diplomatie-francaise-tourne-une-page","status":"publish","type":"post","link":"https:\/\/www.traitdunionmag.com\/?p=11660","title":{"rendered":"\u00c0 Hong Kong, la diplomatie fran\u00e7aise tourne une page"},"content":{"rendered":"\n<p class=\"has-medium-font-size wp-block-paragraph\"><strong><em>Apr\u00e8s quatre ann\u00e9es intenses, Christile Drulhe a quitt\u00e9 ses fonctions de Consule g\u00e9n\u00e9rale \u00e0 Hong Kong et Macao. Elle c\u00e8de sa place \u00e0 un diplomate chevronn\u00e9, Fabien Fieschi.<\/em><\/strong><\/p>\n\n\n\n<p class=\"wp-block-paragraph\"><strong>Par Catya Martin<\/strong><\/p>\n\n\n\n<figure class=\"wp-block-image aligncenter size-large\"><a href=\"https:\/\/www.traitdunionmag.com\/wp-content\/uploads\/2026\/09\/une-nouvelle-consule-general-a-hong-kong-et-macao-fhPl.jpg\"><img loading=\"lazy\" decoding=\"async\" width=\"1024\" height=\"537\" src=\"https:\/\/www.traitdunionmag.com\/wp-content\/uploads\/2026\/09\/une-nouvelle-consule-general-a-hong-kong-et-macao-fhPl-1024x537.jpg\" alt=\"\" class=\"wp-image-11588\" srcset=\"https:\/\/www.traitdunionmag.com\/wp-content\/uploads\/2026\/09\/une-nouvelle-consule-general-a-hong-kong-et-macao-fhPl-1024x537.jpg 1024w, https:\/\/www.traitdunionmag.com\/wp-content\/uploads\/2026\/09\/une-nouvelle-consule-general-a-hong-kong-et-macao-fhPl-300x157.jpg 300w, https:\/\/www.traitdunionmag.com\/wp-content\/uploads\/2026\/09\/une-nouvelle-consule-general-a-hong-kong-et-macao-fhPl-768x403.jpg 768w, https:\/\/www.traitdunionmag.com\/wp-content\/uploads\/2026\/09\/une-nouvelle-consule-general-a-hong-kong-et-macao-fhPl-390x205.jpg 390w, https:\/\/www.traitdunionmag.com\/wp-content\/uploads\/2026\/09\/une-nouvelle-consule-general-a-hong-kong-et-macao-fhPl.jpg 1430w\" sizes=\"auto, (max-width: 1024px) 100vw, 1024px\" \/><\/a><\/figure>\n\n\n\n<p class=\"wp-block-paragraph\">Pour la communaut\u00e9 fran\u00e7aise locale, le d\u00e9part de Christile Drulhe marque la fin d\u2019un mandat salu\u00e9 pour sa tr\u00e8s forte proximit\u00e9. On fait le point sur cette transition.<\/p>\n\n\n\n<p class=\"wp-block-paragraph\">Arriv\u00e9e \u00e0 la fin de l\u2019\u00e9t\u00e9 2022 dans une p\u00e9riode post-Covid complexe, Christile Drulhe s\u2019est imm\u00e9diatement attel\u00e9e \u00e0 un chantier majeur : retisser les liens directs avec les expatri\u00e9s. Sur le terrain, son action s&rsquo;est traduite par un soutien sans faille au tissu associatif local. Elle a multipli\u00e9 les permanences consulaires et les rencontres citoyennes, veillant \u00e0 ce que le Consulat reste une maison ouverte et accessible pour tous les Fran\u00e7ais, des nouveaux arrivants aux r\u00e9sidents de longue date.<\/p>\n\n\n\n<p class=\"wp-block-paragraph\">Au-del\u00e0 de l&rsquo;administration, elle a incarn\u00e9 une diplomatie de terrain, tr\u00e8s \u00e0 l&rsquo;\u00e9coute des entrepreneurs et des familles, notamment \u00e0 travers le r\u00e9seau des \u00e9coles fran\u00e7aises et les \u00e9v\u00e9nements de solidarit\u00e9. Dans son message d&rsquo;adieu, elle a dit quitter le territoire avec, je cite, \u00ab une immense fiert\u00e9 \u00bb d\u2019avoir servi cette communaut\u00e9 si vibrante. \u00ab&nbsp;<em>Ma mission de consule g\u00e9n\u00e9rale de France \u00e0 Hong Kong et Macao s\u2019ach\u00e8ve. Ce fut un honneur d\u2019accompagner notre communaut\u00e9 et de renforcer les liens entre<\/em> <em>la France<\/em> <em>et<\/em> <em>Hong Kong et Macao<\/em> <em>avec notre formidable \u00e9quipe du consulat. Tous mes v\u0153ux pour la suite<\/em>, conclut-elle dans son message diffus\u00e9 sur ses r\u00e9seaux sociaux.<\/p>\n\n\n\n<p class=\"wp-block-paragraph\">Et pour lui succ\u00e9der, Paris envoie un profil de haut vol. Fabien Fieschi a \u00e9t\u00e9 officiellement nomm\u00e9 par d\u00e9cret pr\u00e9sidentiel.<\/p>\n\n\n\n<p class=\"wp-block-paragraph\">Ce diplomate de carri\u00e8re n&rsquo;arrive pas en terrain inconnu. D&rsquo;abord, la gestion d&rsquo;une communaut\u00e9 d\u2019expatri\u00e9s, il conna\u00eet par c\u0153ur : il a \u00e9t\u00e9 Consul g\u00e9n\u00e9ral \u00e0 Boston, aux \u00c9tats-Unis. Ensuite, c&rsquo;est un expert des technologies. Il dirigeait r\u00e9cemment la transition num\u00e9rique du minist\u00e8re des Affaires \u00e9trang\u00e8res, juste avant de servir comme Ambassadeur de France en Croatie. Enfin, l&rsquo;Asie fait partie de ses racines professionnelles, puisqu&rsquo;il a \u00e9tudi\u00e9 au Japon, \u00e0 l&rsquo;Universit\u00e9 Keio, au d\u00e9but de son parcours.<\/p>\n\n\n\n<p class=\"wp-block-paragraph\">Fabien Fieschi prend donc les commandes d&rsquo;une communaut\u00e9 fran\u00e7aise ultra-dynamique, connect\u00e9e, mais qui attend aussi de son nouveau Consul la m\u00eame \u00e9coute et le m\u00eame ancrage local que sa pr\u00e9d\u00e9cesseure. Bienvenue \u00e0 lui sur les bords de la mer de Chine m\u00e9ridionale.<\/p>\n\n\n\n<p class=\"wp-block-paragraph\">Nous aurons l\u2019occasion de revenir sur son profil.<\/p>\n","protected":false},"excerpt":{"rendered":"<p>Apr\u00e8s quatre ann\u00e9es intenses, Christile Drulhe a quitt\u00e9 ses fonctions de Consule g\u00e9n\u00e9rale \u00e0 Hong Kong et Macao. Elle c\u00e8de<\/p>\n","protected":false},"author":10,"featured_media":11661,"comment_status":"closed","ping_status":"closed","sticky":false,"template":"","format":"standard","meta":{"_exactmetrics_skip_tracking":false,"_exactmetrics_sitenote_active":false,"_exactmetrics_sitenote_note":"","_exactmetrics_sitenote_category":0,"footnotes":""},"categories":[16],"tags":[],"class_list":["post-11660","post","type-post","status-publish","format-standard","has-post-thumbnail","hentry","category-infos-regionales"],"_links":{"self":[{"href":"https:\/\/www.traitdunionmag.com\/index.php?rest_route=\/wp\/v2\/posts\/11660","targetHints":{"allow":["GET"]}}],"collection":[{"href":"https:\/\/www.traitdunionmag.com\/index.php?rest_route=\/wp\/v2\/posts"}],"about":[{"href":"https:\/\/www.traitdunionmag.com\/index.php?rest_route=\/wp\/v2\/types\/post"}],"author":[{"embeddable":true,"href":"https:\/\/www.traitdunionmag.com\/index.php?rest_route=\/wp\/v2\/users\/10"}],"replies":[{"embeddable":true,"href":"https:\/\/www.traitdunionmag.com\/index.php?rest_route=%2Fwp%2Fv2%2Fcomments&post=11660"}],"version-history":[{"count":2,"href":"https:\/\/www.traitdunionmag.com\/index.php?rest_route=\/wp\/v2\/posts\/11660\/revisions"}],"predecessor-version":[{"id":11663,"href":"https:\/\/www.traitdunionmag.com\/index.php?rest_route=\/wp\/v2\/posts\/11660\/revisions\/11663"}],"wp:featuredmedia":[{"embeddable":true,"href":"https:\/\/www.traitdunionmag.com\/index.php?rest_route=\/wp\/v2\/media\/11661"}],"wp:attachment":[{"href":"https:\/\/www.traitdunionmag.com\/index.php?rest_route=%2Fwp%2Fv2%2Fmedia&parent=11660"}],"wp:term":[{"taxonomy":"category","embeddable":true,"href":"https:\/\/www.traitdunionmag.com\/index.php?rest_route=%2Fwp%2Fv2%2Fcategories&post=11660"},{"taxonomy":"post_tag","embeddable":true,"href":"https:\/\/www.traitdunionmag.com\/index.php?rest_route=%2Fwp%2Fv2%2Ftags&post=11660"}],"curies":[{"name":"wp","href":"https:\/\/api.w.org\/{rel}","templated":true}]}}