{"id":11247,"date":"2026-05-15T09:13:07","date_gmt":"2026-05-15T08:13:07","guid":{"rendered":"https:\/\/www.traitdunionmag.com\/?p=11247"},"modified":"2026-05-15T09:13:08","modified_gmt":"2026-05-15T08:13:08","slug":"karena-lam-donne-le-ton-dun-french-may-audacieux","status":"publish","type":"post","link":"https:\/\/www.traitdunionmag.com\/?p=11247","title":{"rendered":"Karena Lam donne le ton d\u2019un French May audacieux"},"content":{"rendered":"\n<p class=\"wp-block-paragraph\"><strong>Pour la 14<sup>e<\/sup> ann\u00e9e cons\u00e9cutive, l\u2019actrice Karena Lam a donn\u00e9 le coup d\u2019envoi du French May. L\u2019\u00e9dition 2026 est plac\u00e9e sous le signe de la Re\/Naissance. L\u2019art comme possibilit\u00e9 de se r\u00e9inventer. Un th\u00e8me qui r\u00e9sonne dans la vie de cette artiste de 48 ans. Elle vit entre Taiwan et Hong Kong et esp\u00e8re attirer un public nombreux.<\/strong><\/p>\n\n\n\n<p class=\"wp-block-paragraph\"><strong>Propos recueillis par<\/strong> <strong>Anne-Claire Poignard<\/strong><\/p>\n\n\n\n<figure class=\"wp-block-image aligncenter size-large\"><a href=\"https:\/\/www.traitdunionmag.com\/wp-content\/uploads\/2026\/05\/Karena-Lam-with-Mona-Lisa-1280x853-2.jpg\"><img loading=\"lazy\" decoding=\"async\" width=\"1024\" height=\"682\" src=\"https:\/\/www.traitdunionmag.com\/wp-content\/uploads\/2026\/05\/Karena-Lam-with-Mona-Lisa-1280x853-2-1024x682.jpg\" alt=\"\" class=\"wp-image-11251\" srcset=\"https:\/\/www.traitdunionmag.com\/wp-content\/uploads\/2026\/05\/Karena-Lam-with-Mona-Lisa-1280x853-2-1024x682.jpg 1024w, https:\/\/www.traitdunionmag.com\/wp-content\/uploads\/2026\/05\/Karena-Lam-with-Mona-Lisa-1280x853-2-300x200.jpg 300w, https:\/\/www.traitdunionmag.com\/wp-content\/uploads\/2026\/05\/Karena-Lam-with-Mona-Lisa-1280x853-2-768x512.jpg 768w, https:\/\/www.traitdunionmag.com\/wp-content\/uploads\/2026\/05\/Karena-Lam-with-Mona-Lisa-1280x853-2.jpg 1280w\" sizes=\"auto, (max-width: 1024px) 100vw, 1024px\" \/><\/a><figcaption class=\"wp-element-caption\">Karena Lam au Louvre, devant La Joconde<\/figcaption><\/figure>\n\n\n\n<p class=\"has-medium-font-size wp-block-paragraph\"><strong>En quoi l\u2019art a-t-il \u00e9t\u00e9 pour vous une \u00ab&nbsp;re-naissance&nbsp;\u00bb&nbsp;?<\/strong><\/p>\n\n\n\n<p class=\"wp-block-paragraph\"><strong>Karena Lam&nbsp;:<\/strong> Je n&rsquo;ai pas fait d\u2019\u00e9tudes. Je suis arriv\u00e9e dans le show business \u00e0 l&rsquo;\u00e2ge de 16 ans. Je me suis longtemps senti tr\u00e8s en retard parce que je ne suis jamais all\u00e9e \u00e0 l&rsquo;universit\u00e9. Mon p\u00e8re \u00e9tait r\u00e9parateur d&rsquo;appareils \u00e9lectroniques, ma m\u00e8re travaillait dans une boutique de duty free. Je n\u2019ai pas grandi dans un environnement o\u00f9 l\u2019art \u00e9tait pr\u00e9sent. Au cours des 14 derni\u00e8res ann\u00e9es, j\u2019ai rencontr\u00e9 des artistes de tous m\u00e9diums, de toutes disciplines, des directeurs de mus\u00e9e, des conservateurs. Ils ont une compr\u00e9hension profonde des arts. Echanger avec eux m&rsquo;a enrichie \u00e0 bien des \u00e9gards.<\/p>\n\n\n\n<p class=\"has-medium-font-size wp-block-paragraph\"><strong>Quels sont les grands rendez-vous de cette ann\u00e9e&nbsp;?<\/strong><\/p>\n\n\n\n<p class=\"wp-block-paragraph\">L\u2019exposition \u00ab&nbsp;<em>Meet Mona Lisa&nbsp;&amp; portraying the Renaissance<\/em> \u00bb est le rendez-vous phare. Il s\u2019agit d\u2019une immersion num\u00e9rique imagin\u00e9e par le Mus\u00e9e du Louvre et le Grand Palais Immersif pour d\u00e9couvrir l\u2019histoire derri\u00e8re le myst\u00e9rieux sourire de la Joconde. L\u2019exposition pr\u00e9sente aussi quelques pi\u00e8ces exceptionnelles de cette p\u00e9riode artistique tr\u00e8s riche. Il y aura aussi de la musique avec le concert de DJ Snake, l\u2019un des Fran\u00e7ais les plus influents de la sc\u00e8ne \u00e9lectro. Il y aura du jazz avec la Cor\u00e9enne Youn Sun Nah qui se produira aux c\u00f4t\u00e9s du pianiste Bojan Z, du cirque avec la troupe French Rendez-vous \u00e0 Tai Kwun et plein d\u2019autres surprises.<\/p>\n\n\n\n<p class=\"has-medium-font-size wp-block-paragraph\"><strong>Comment choisissez-vous les artistes&nbsp;?<\/strong><\/p>\n\n\n\n<p class=\"wp-block-paragraph\">Nous sommes un groupe de 5-6 personnes avec un conseil d&rsquo;administration. Chaque ann\u00e9e, le budget est tr\u00e8s diff\u00e9rent. Nous sommes une organisation \u00e0 but non lucratif, donc nous comptons beaucoup sur les m\u00e9c\u00e8nes, les parrainages. C\u2019est de plus en plus difficile chaque ann\u00e9e. Pour cette \u00e9dition, certains projets ont d\u00fb \u00eatre abandonn\u00e9s. Dans ce contexte, nous avons d\u00e9cid\u00e9 de communiquer plus largement dans la \u00ab&nbsp;Greater Bay Area&nbsp;\u00bb. Nous avons invit\u00e9 plus de m\u00e9dias de Chine continentale. J\u2019ai pris conscience qu\u2019ils ne connaissaient pas le French May alors que le festival existe depuis 33 ans&nbsp;! Nous devons ouvrir les portes et faire conna\u00eetre ce rendez-vous parce que l\u2019art ne doit pas \u00eatre r\u00e9serv\u00e9 \u00e0 une seule zone g\u00e9ographique.<\/p>\n\n\n\n<figure class=\"wp-block-image aligncenter size-large\"><a href=\"https:\/\/www.traitdunionmag.com\/wp-content\/uploads\/2026\/05\/PS1_7216-1280x1280-1.jpg\"><img loading=\"lazy\" decoding=\"async\" width=\"1024\" height=\"1024\" src=\"https:\/\/www.traitdunionmag.com\/wp-content\/uploads\/2026\/05\/PS1_7216-1280x1280-1-1024x1024.jpg\" alt=\"\" class=\"wp-image-11250\" srcset=\"https:\/\/www.traitdunionmag.com\/wp-content\/uploads\/2026\/05\/PS1_7216-1280x1280-1-1024x1024.jpg 1024w, https:\/\/www.traitdunionmag.com\/wp-content\/uploads\/2026\/05\/PS1_7216-1280x1280-1-300x300.jpg 300w, https:\/\/www.traitdunionmag.com\/wp-content\/uploads\/2026\/05\/PS1_7216-1280x1280-1-150x150.jpg 150w, https:\/\/www.traitdunionmag.com\/wp-content\/uploads\/2026\/05\/PS1_7216-1280x1280-1-768x768.jpg 768w, https:\/\/www.traitdunionmag.com\/wp-content\/uploads\/2026\/05\/PS1_7216-1280x1280-1.jpg 1280w\" sizes=\"auto, (max-width: 1024px) 100vw, 1024px\" \/><\/a><figcaption class=\"wp-element-caption\">Visite de Karena Lam \u00e0 Paris aux Ateliers d&rsquo;art du GrandPalaisRmn<\/figcaption><\/figure>\n\n\n\n<p class=\"has-medium-font-size wp-block-paragraph\"><strong>Certains \u00e9v\u00e9nements sont gratuits pourquoi est-ce important&nbsp;?<\/strong><\/p>\n\n\n\n<p class=\"wp-block-paragraph\">Oui c\u2019est le cas par exemple de l\u2019exposition \u00ab&nbsp;<em>Meet Mona Lisa<\/em>&nbsp;\u00bb au Hong Kong Heritage Museum. J\u2019ai fait passer le message aux Hong Kongais dans la presse locale&nbsp;: \u00ab&nbsp;Mona Lisa est \u00e0 votre porte et cela ne vous co\u00fbte rien&nbsp;!&nbsp;\u00bb. Je me r\u00e9jouis de ce type de performances gratuites. Cela rend l\u2019art accessible.<\/p>\n\n\n\n<p class=\"has-medium-font-size wp-block-paragraph\"><strong>Quels sont les d\u00e9fis \u00e0 venir&nbsp;?<\/strong><\/p>\n\n\n\n<p class=\"wp-block-paragraph\">Il y a parfois des spectacles qui ne marchent pas autant que ce qu\u2019on esp\u00e8re. Quand je vois une salle \u00e0 moiti\u00e9 pleine, cela me brise le c\u0153ur. Il nous faut attirer de nouveaux publics, la jeunesse. Peut-\u00eatre devrions-nous oser davantage et sortir un peu plus des sentiers battus.<\/p>\n\n\n\n<p class=\"has-medium-font-size wp-block-paragraph\"><strong>Quelle est votre prochaine actualit\u00e9&nbsp;?<\/strong><\/p>\n\n\n\n<p class=\"wp-block-paragraph\">Nous avons tourn\u00e9 une s\u00e9rie \u00e0 Hong Kong qui sort au mois de juin. Cela s\u2019appelle \u00ab&nbsp;<em>The Season<\/em>&nbsp;\u00bb. Le directeur de la photographie et le r\u00e9alisateur ont fait un travail remarquable \u00e0 l\u2019image. Vous verrez c\u2019est magnifique&nbsp;!<\/p>\n","protected":false},"excerpt":{"rendered":"<p>Pour la 14e ann\u00e9e cons\u00e9cutive, l\u2019actrice Karena Lam a donn\u00e9 le coup d\u2019envoi du French May. L\u2019\u00e9dition 2026 est plac\u00e9e<\/p>\n","protected":false},"author":10,"featured_media":11248,"comment_status":"closed","ping_status":"closed","sticky":false,"template":"","format":"standard","meta":{"_exactmetrics_skip_tracking":false,"_exactmetrics_sitenote_active":false,"_exactmetrics_sitenote_note":"","_exactmetrics_sitenote_category":0,"footnotes":""},"categories":[35,18],"tags":[],"class_list":["post-11247","post","type-post","status-publish","format-standard","has-post-thumbnail","hentry","category-a-la-une","category-culture"],"_links":{"self":[{"href":"https:\/\/www.traitdunionmag.com\/index.php?rest_route=\/wp\/v2\/posts\/11247","targetHints":{"allow":["GET"]}}],"collection":[{"href":"https:\/\/www.traitdunionmag.com\/index.php?rest_route=\/wp\/v2\/posts"}],"about":[{"href":"https:\/\/www.traitdunionmag.com\/index.php?rest_route=\/wp\/v2\/types\/post"}],"author":[{"embeddable":true,"href":"https:\/\/www.traitdunionmag.com\/index.php?rest_route=\/wp\/v2\/users\/10"}],"replies":[{"embeddable":true,"href":"https:\/\/www.traitdunionmag.com\/index.php?rest_route=%2Fwp%2Fv2%2Fcomments&post=11247"}],"version-history":[{"count":1,"href":"https:\/\/www.traitdunionmag.com\/index.php?rest_route=\/wp\/v2\/posts\/11247\/revisions"}],"predecessor-version":[{"id":11252,"href":"https:\/\/www.traitdunionmag.com\/index.php?rest_route=\/wp\/v2\/posts\/11247\/revisions\/11252"}],"wp:featuredmedia":[{"embeddable":true,"href":"https:\/\/www.traitdunionmag.com\/index.php?rest_route=\/wp\/v2\/media\/11248"}],"wp:attachment":[{"href":"https:\/\/www.traitdunionmag.com\/index.php?rest_route=%2Fwp%2Fv2%2Fmedia&parent=11247"}],"wp:term":[{"taxonomy":"category","embeddable":true,"href":"https:\/\/www.traitdunionmag.com\/index.php?rest_route=%2Fwp%2Fv2%2Fcategories&post=11247"},{"taxonomy":"post_tag","embeddable":true,"href":"https:\/\/www.traitdunionmag.com\/index.php?rest_route=%2Fwp%2Fv2%2Ftags&post=11247"}],"curies":[{"name":"wp","href":"https:\/\/api.w.org\/{rel}","templated":true}]}}