{"id":11223,"date":"2026-05-08T01:39:02","date_gmt":"2026-05-08T00:39:02","guid":{"rendered":"https:\/\/www.traitdunionmag.com\/?p=11223"},"modified":"2026-05-08T01:39:04","modified_gmt":"2026-05-08T00:39:04","slug":"le-mois-de-mai-a-parentheses","status":"publish","type":"post","link":"https:\/\/www.traitdunionmag.com\/?p=11223","title":{"rendered":"Le mois de mai \u00e0 Parenth\u00e8ses"},"content":{"rendered":"\n<p class=\"wp-block-paragraph\"><em>Comme tous les mois, d\u00e9couvrez l\u2019actualit\u00e9 de la librairie francophone Parenth\u00e8ses. Coup de projecteur sur le mois de mai.&nbsp;<\/em><\/p>\n\n\n\n<p class=\"wp-block-paragraph\"><strong>Par Catya Martin (avec parenth\u00e8ses)<\/strong><\/p>\n\n\n\n<figure class=\"wp-block-image alignleft size-large is-resized\"><a href=\"https:\/\/www.traitdunionmag.com\/wp-content\/uploads\/2026\/05\/Huon.jpeg\"><img loading=\"lazy\" decoding=\"async\" width=\"1024\" height=\"576\" src=\"https:\/\/www.traitdunionmag.com\/wp-content\/uploads\/2026\/05\/Huon-1024x576.jpeg\" alt=\"\" class=\"wp-image-11224\" style=\"aspect-ratio:1.7777627793406738;width:412px;height:auto\" srcset=\"https:\/\/www.traitdunionmag.com\/wp-content\/uploads\/2026\/05\/Huon-1024x576.jpeg 1024w, https:\/\/www.traitdunionmag.com\/wp-content\/uploads\/2026\/05\/Huon-300x169.jpeg 300w, https:\/\/www.traitdunionmag.com\/wp-content\/uploads\/2026\/05\/Huon-768x432.jpeg 768w, https:\/\/www.traitdunionmag.com\/wp-content\/uploads\/2026\/05\/Huon-1536x864.jpeg 1536w, https:\/\/www.traitdunionmag.com\/wp-content\/uploads\/2026\/05\/Huon.jpeg 1999w\" sizes=\"auto, (max-width: 1024px) 100vw, 1024px\" \/><\/a><\/figure>\n\n\n\n<p class=\"has-medium-font-size wp-block-paragraph\"><strong>Vendredi 8 mai de 18h00 \u00e0 19h00<\/strong><br><strong>Rencontre et signature avec Anne-Ga\u00eblle Huon pour la pr\u00e9sentation de ses livres. <\/strong><\/p>\n\n\n\n<p class=\"wp-block-paragraph\">Sa plume, sensible et lumineuse, met en sc\u00e8ne avec brio des personnages attachants et universels. Ses livres, traduits en plusieurs langues et lus par plus d\u2019un million de lecteurs, s\u00e9duisent par leur humanit\u00e9 et leur chaleur. Ses livres, traduits en plusieurs langues et lus par plus d\u2019un million de lecteurs, s\u00e9duisent par leur humanit\u00e9 et leur chaleur. Elle vit aujourd\u2019hui \u00e0 Shanghai et s\u2019impose comme l\u2019une des voix les plus populaires de la litt\u00e9rature contemporaine fran\u00e7aise.<\/p>\n\n\n\n<p class=\"wp-block-paragraph\"><\/p>\n\n\n\n<figure class=\"wp-block-image alignleft size-full is-resized\"><a href=\"https:\/\/www.traitdunionmag.com\/wp-content\/uploads\/2026\/05\/9789887139270.png\"><img loading=\"lazy\" decoding=\"async\" width=\"375\" height=\"500\" src=\"https:\/\/www.traitdunionmag.com\/wp-content\/uploads\/2026\/05\/9789887139270.png\" alt=\"\" class=\"wp-image-11225\" style=\"aspect-ratio:0.7499999795641223;width:199px;height:auto\" srcset=\"https:\/\/www.traitdunionmag.com\/wp-content\/uploads\/2026\/05\/9789887139270.png 375w, https:\/\/www.traitdunionmag.com\/wp-content\/uploads\/2026\/05\/9789887139270-225x300.png 225w\" sizes=\"auto, (max-width: 375px) 100vw, 375px\" \/><\/a><\/figure>\n\n\n\n<p class=\"has-medium-font-size wp-block-paragraph\"><strong>Jeudi 14 mai de 18h00 \u00e0 19h00<\/strong><\/p>\n\n\n\n<p class=\"wp-block-paragraph\">Rencontre et signature avec avec Jean-Baptiste D\u00e9al pour la pr\u00e9sentation de son ouvrage \u2018R\u00e9ussir avec sagesse, Strat\u00e9gies de n\u00e9gociation inspir\u00e9es des fables de la fontaine\u201d.<\/p>\n\n\n\n<p class=\"wp-block-paragraph\"><\/p>\n\n\n\n<p class=\"wp-block-paragraph\"><\/p>\n\n\n\n<p class=\"wp-block-paragraph\"><\/p>\n\n\n\n<p class=\"wp-block-paragraph\"><\/p>\n\n\n\n<p class=\"wp-block-paragraph\"><\/p>\n\n\n\n<p class=\"has-medium-font-size wp-block-paragraph\"><strong>Lundi 18 mai de 18h00 \u00e0 19h00<\/strong><\/p>\n\n\n\n<figure class=\"wp-block-image alignleft size-large is-resized\"><a href=\"https:\/\/www.traitdunionmag.com\/wp-content\/uploads\/2026\/05\/Screenshot-2026-05-08-at-8.30.07-AM.png\"><img loading=\"lazy\" decoding=\"async\" width=\"1024\" height=\"786\" src=\"https:\/\/www.traitdunionmag.com\/wp-content\/uploads\/2026\/05\/Screenshot-2026-05-08-at-8.30.07-AM-1024x786.png\" alt=\"\" class=\"wp-image-11229\" style=\"aspect-ratio:1.7768663982547832;width:362px;height:auto\" srcset=\"https:\/\/www.traitdunionmag.com\/wp-content\/uploads\/2026\/05\/Screenshot-2026-05-08-at-8.30.07-AM-1024x786.png 1024w, https:\/\/www.traitdunionmag.com\/wp-content\/uploads\/2026\/05\/Screenshot-2026-05-08-at-8.30.07-AM-300x230.png 300w, https:\/\/www.traitdunionmag.com\/wp-content\/uploads\/2026\/05\/Screenshot-2026-05-08-at-8.30.07-AM-768x589.png 768w, https:\/\/www.traitdunionmag.com\/wp-content\/uploads\/2026\/05\/Screenshot-2026-05-08-at-8.30.07-AM.png 1410w\" sizes=\"auto, (max-width: 1024px) 100vw, 1024px\" \/><\/a><\/figure>\n\n\n\n<p class=\"wp-block-paragraph\">Soir\u00e9e litt\u00e9raire en hommage \u00e0 George Sand, \u00e0 l\u2019occasion du 150e anniversaire de sa disparition.<\/p>\n\n\n\n<p class=\"wp-block-paragraph\"><\/p>\n\n\n\n<p class=\"wp-block-paragraph\"><\/p>\n\n\n\n<p class=\"wp-block-paragraph\"><\/p>\n\n\n\n<p class=\"wp-block-paragraph\"><\/p>\n\n\n\n<p class=\"wp-block-paragraph\"><\/p>\n\n\n\n<p class=\"has-medium-font-size wp-block-paragraph\"><strong>Mercredi 20 mai de 17h00 \u00e0 18h00<\/strong><\/p>\n\n\n\n<figure class=\"wp-block-image alignright size-full is-resized\"><a href=\"https:\/\/www.traitdunionmag.com\/wp-content\/uploads\/2026\/05\/Screenshot-2026-05-08-at-8.35.27-AM.png\"><img loading=\"lazy\" decoding=\"async\" width=\"756\" height=\"652\" src=\"https:\/\/www.traitdunionmag.com\/wp-content\/uploads\/2026\/05\/Screenshot-2026-05-08-at-8.35.27-AM.png\" alt=\"\" class=\"wp-image-11234\" style=\"aspect-ratio:1.1595082283983815;width:301px;height:auto\" srcset=\"https:\/\/www.traitdunionmag.com\/wp-content\/uploads\/2026\/05\/Screenshot-2026-05-08-at-8.35.27-AM.png 756w, https:\/\/www.traitdunionmag.com\/wp-content\/uploads\/2026\/05\/Screenshot-2026-05-08-at-8.35.27-AM-300x259.png 300w\" sizes=\"auto, (max-width: 756px) 100vw, 756px\" \/><\/a><\/figure>\n\n\n\n<p class=\"wp-block-paragraph\">Alma Brami est une artiste multidisciplinaire. Elle \u00e9crit pour les adultes comme pour la jeunesse et vient pr\u00e9senter son nouvel album&nbsp;\u00c9lo\u00efse voulait un chien\u2026(pas un petit fr\u00e8re), paru chez Gl\u00e9nat Jeunesse.<\/p>\n\n\n\n<p class=\"wp-block-paragraph\">Alma Brami s\u2019est impos\u00e9e comme une voix sensible et lumineuse dans la litt\u00e9rature contemporaine. Apr\u00e8s plusieurs romans pour adultes, elle s\u2019est tourn\u00e9e vers la jeunesse avec des albums qui parlent aux enfants de confiance en soi, de diff\u00e9rence et d\u2019identit\u00e9, toujours avec humour et tendresse.<\/p>\n\n\n\n<p class=\"wp-block-paragraph\"><\/p>\n\n\n\n<p class=\"wp-block-paragraph\"><\/p>\n\n\n\n<p class=\"wp-block-paragraph\"><\/p>\n\n\n\n<p class=\"wp-block-paragraph\"><\/p>\n\n\n\n<figure class=\"wp-block-image alignleft size-full is-resized\"><a href=\"https:\/\/www.traitdunionmag.com\/wp-content\/uploads\/2026\/05\/9782262110345.png\"><img loading=\"lazy\" decoding=\"async\" width=\"375\" height=\"500\" src=\"https:\/\/www.traitdunionmag.com\/wp-content\/uploads\/2026\/05\/9782262110345.png\" alt=\"\" class=\"wp-image-11228\" style=\"width:195px;height:auto\" srcset=\"https:\/\/www.traitdunionmag.com\/wp-content\/uploads\/2026\/05\/9782262110345.png 375w, https:\/\/www.traitdunionmag.com\/wp-content\/uploads\/2026\/05\/9782262110345-225x300.png 225w\" sizes=\"auto, (max-width: 375px) 100vw, 375px\" \/><\/a><\/figure>\n\n\n\n<p class=\"has-medium-font-size wp-block-paragraph\"><strong>Mercredi 27 mai de<\/strong> <strong>18h00 \u00e0 98h00<\/strong><\/p>\n\n\n\n<p class=\"wp-block-paragraph\">Soir\u00e9e g\u00e9opolitique en pr\u00e9sence de  David Baverez \u00e0 l\u2019occasion de la parution en format poche, de son ouvrage \u201cBienvenue en \u00e9conomie de guerre !\u201d.<\/p>\n\n\n\n<p class=\"has-text-align-center wp-block-paragraph\"><strong>Librairie francophone Parenth\u00e8ses &#8211; Duke Wellington House,&nbsp;<\/strong><br><strong>14-24 Wellington St, Central &#8211; Tel : (+852) 2526 9215 www.parentheses-hk.com<\/strong><\/p>\n","protected":false},"excerpt":{"rendered":"<p>Comme tous les mois, d\u00e9couvrez l\u2019actualit\u00e9 de la librairie francophone Parenth\u00e8ses. Coup de projecteur sur le mois de mai.&nbsp; Par<\/p>\n","protected":false},"author":10,"featured_media":0,"comment_status":"closed","ping_status":"closed","sticky":false,"template":"","format":"standard","meta":{"_exactmetrics_skip_tracking":false,"_exactmetrics_sitenote_active":false,"_exactmetrics_sitenote_note":"","_exactmetrics_sitenote_category":0,"footnotes":""},"categories":[18],"tags":[],"class_list":["post-11223","post","type-post","status-publish","format-standard","hentry","category-culture"],"_links":{"self":[{"href":"https:\/\/www.traitdunionmag.com\/index.php?rest_route=\/wp\/v2\/posts\/11223","targetHints":{"allow":["GET"]}}],"collection":[{"href":"https:\/\/www.traitdunionmag.com\/index.php?rest_route=\/wp\/v2\/posts"}],"about":[{"href":"https:\/\/www.traitdunionmag.com\/index.php?rest_route=\/wp\/v2\/types\/post"}],"author":[{"embeddable":true,"href":"https:\/\/www.traitdunionmag.com\/index.php?rest_route=\/wp\/v2\/users\/10"}],"replies":[{"embeddable":true,"href":"https:\/\/www.traitdunionmag.com\/index.php?rest_route=%2Fwp%2Fv2%2Fcomments&post=11223"}],"version-history":[{"count":9,"href":"https:\/\/www.traitdunionmag.com\/index.php?rest_route=\/wp\/v2\/posts\/11223\/revisions"}],"predecessor-version":[{"id":11239,"href":"https:\/\/www.traitdunionmag.com\/index.php?rest_route=\/wp\/v2\/posts\/11223\/revisions\/11239"}],"wp:attachment":[{"href":"https:\/\/www.traitdunionmag.com\/index.php?rest_route=%2Fwp%2Fv2%2Fmedia&parent=11223"}],"wp:term":[{"taxonomy":"category","embeddable":true,"href":"https:\/\/www.traitdunionmag.com\/index.php?rest_route=%2Fwp%2Fv2%2Fcategories&post=11223"},{"taxonomy":"post_tag","embeddable":true,"href":"https:\/\/www.traitdunionmag.com\/index.php?rest_route=%2Fwp%2Fv2%2Ftags&post=11223"}],"curies":[{"name":"wp","href":"https:\/\/api.w.org\/{rel}","templated":true}]}}